{"id":36423,"date":"2023-09-18T15:05:30","date_gmt":"2023-09-18T15:05:30","guid":{"rendered":"https:\/\/elinformante.mx\/?p=36423"},"modified":"2023-09-18T15:05:31","modified_gmt":"2023-09-18T15:05:31","slug":"lopez-obrador-realiza-recorrido-de-prueba-en-el-tren-interoceanico","status":"publish","type":"post","link":"https:\/\/elinformante.mx\/?p=36423","title":{"rendered":"L\u00d3PEZ OBRADOR REALIZA RECORRIDO DE PRUEBA EN EL TREN INTEROCE\u00c1NICO"},"content":{"rendered":"\n<blockquote class=\"wp-block-quote is-layout-flow wp-block-quote-is-layout-flow\">\n<p>El mandatario hizo el recorrido acompa\u00f1ado por el almirante Jos\u00e9 Rafael Ojeda, titular de la Secretar\u00eda de Marina, entidad encargada del proyecto ferroviario, as\u00ed como las secretarias de Gobernaci\u00f3n, Luisa Mar\u00eda Alcalde; de Energ\u00eda, Roc\u00edo Nahle, y de Econom\u00eda, Raquel Buenrostro.<\/p>\n<\/blockquote>\n\n\n\n<p>Este domingo el presidente Andr\u00e9s Manuel L\u00f3pez Obrador realiz\u00f3 el primer recorrido de supervisi\u00f3n en el Tren de Pasajeros del Istmo de Tehuantepec, precis\u00f3 en su cuenta X (antes Twitter), la Secretar\u00eda de Desarrollo Agrario, Territorial y Urbano del Gobierno de M\u00e9xico.<br><\/p>\n\n\n\n<p>En la misma red social se precis\u00f3 que \u201ccon el Programa de Mejoramiento Urbano se han realizado m\u00e1s de 50 obras en esta regi\u00f3n para impulsar el desarrollo de las y los oaxaque\u00f1os\u201d.<br><\/p>\n\n\n\n<p>A trav\u00e9s de sus redes sociales, el secretario de Desarrollo Agrario, Territorial y Urbano, Rom\u00e1n Meyer, comparti\u00f3 un v\u00eddeo del Presidente de la Rep\u00fablica a bordo del ferrocarril, despidi\u00e9ndose de la gente en la estaci\u00f3n.<br><\/p>\n\n\n\n<figure class=\"wp-block-image size-large\"><img fetchpriority=\"high\" decoding=\"async\" width=\"1024\" height=\"503\" src=\"https:\/\/elinformante.mx\/wp-content\/uploads\/2023\/09\/lopez-3-1-1024x503.jpg\" alt=\"\" class=\"wp-image-36425\" srcset=\"https:\/\/elinformante.mx\/wp-content\/uploads\/2023\/09\/lopez-3-1-1024x503.jpg 1024w, https:\/\/elinformante.mx\/wp-content\/uploads\/2023\/09\/lopez-3-1-300x147.jpg 300w, https:\/\/elinformante.mx\/wp-content\/uploads\/2023\/09\/lopez-3-1-768x377.jpg 768w, https:\/\/elinformante.mx\/wp-content\/uploads\/2023\/09\/lopez-3-1-580x285.jpg 580w, https:\/\/elinformante.mx\/wp-content\/uploads\/2023\/09\/lopez-3-1-860x422.jpg 860w, https:\/\/elinformante.mx\/wp-content\/uploads\/2023\/09\/lopez-3-1.jpg 1140w\" sizes=\"(max-width: 1024px) 100vw, 1024px\" \/><\/figure>\n\n\n\n<p>\u201cEl presidente L\u00f3pez Obrador en Salina Cruz. M\u00e1s infraestructura y desarrollo para saldar la deuda con el sur\u201d, se\u00f1al\u00f3 el funcionario.<br><\/p>\n\n\n\n<p>El mandatario hizo el recorrido acompa\u00f1ado por el almirante Jos\u00e9 Rafael Ojeda, titular de la Secretar\u00eda de Marina, entidad encargada del proyecto ferroviario, as\u00ed como las secretarias de Gobernaci\u00f3n, Luisa Mar\u00eda Alcalde; de Energ\u00eda, Roc\u00edo Nahle, y de Econom\u00eda, Raquel Buenrostro.<br><\/p>\n\n\n\n<p>De igual forma, en el trayecto con el presidente L\u00f3pez Obrador se encontraban los gobernadores de Oaxaca, Salom\u00f3n Jara, y de Veracruz, Cuitl\u00e1huac Garc\u00eda.<br><\/p>\n\n\n\n<figure class=\"wp-block-image size-large\"><img decoding=\"async\" width=\"1024\" height=\"503\" src=\"https:\/\/elinformante.mx\/wp-content\/uploads\/2023\/09\/LOPEZ-2-2-1024x503.jpg\" alt=\"\" class=\"wp-image-36426\" srcset=\"https:\/\/elinformante.mx\/wp-content\/uploads\/2023\/09\/LOPEZ-2-2-1024x503.jpg 1024w, https:\/\/elinformante.mx\/wp-content\/uploads\/2023\/09\/LOPEZ-2-2-300x147.jpg 300w, https:\/\/elinformante.mx\/wp-content\/uploads\/2023\/09\/LOPEZ-2-2-768x377.jpg 768w, https:\/\/elinformante.mx\/wp-content\/uploads\/2023\/09\/LOPEZ-2-2-580x285.jpg 580w, https:\/\/elinformante.mx\/wp-content\/uploads\/2023\/09\/LOPEZ-2-2-860x422.jpg 860w, https:\/\/elinformante.mx\/wp-content\/uploads\/2023\/09\/LOPEZ-2-2.jpg 1140w\" sizes=\"(max-width: 1024px) 100vw, 1024px\" \/><\/figure>\n\n\n\n<p>En su conferencia ma\u00f1anera del pasado 6 de septiembre, L\u00f3pez Obrador anunci\u00f3 el recorrido de prueba del Tren Interoce\u00e1nico de Salina Cruz con rumbo a Coatzacoalcos este domingo.<br><\/p>\n\n\n\n<p>\u201cEl tren va a ir lento, \u00bfpor qu\u00e9 tenemos mucha prisa? V\u00e1monos despacio, despacio. Imag\u00ednense, nos vamos en el Tren Maya a 160 o 170 kil\u00f3metros por hora, todav\u00eda faltan soldaduras en los rieles, es una soldadura especial, hay que ir despacio\u201d, dijo.<br><\/p>\n\n\n\n<p>Por su parte, el gobernador de Oaxaca, Salom\u00f3n Jara Cruz, comparti\u00f3 varias im\u00e1genes del tren.<br><\/p>\n\n\n\n<figure class=\"wp-block-image size-large\"><img decoding=\"async\" width=\"1024\" height=\"503\" src=\"https:\/\/elinformante.mx\/wp-content\/uploads\/2023\/09\/lopez-5-1-1024x503.jpg\" alt=\"\" class=\"wp-image-36427\" srcset=\"https:\/\/elinformante.mx\/wp-content\/uploads\/2023\/09\/lopez-5-1-1024x503.jpg 1024w, https:\/\/elinformante.mx\/wp-content\/uploads\/2023\/09\/lopez-5-1-300x147.jpg 300w, https:\/\/elinformante.mx\/wp-content\/uploads\/2023\/09\/lopez-5-1-768x377.jpg 768w, https:\/\/elinformante.mx\/wp-content\/uploads\/2023\/09\/lopez-5-1-580x285.jpg 580w, https:\/\/elinformante.mx\/wp-content\/uploads\/2023\/09\/lopez-5-1-860x422.jpg 860w, https:\/\/elinformante.mx\/wp-content\/uploads\/2023\/09\/lopez-5-1.jpg 1140w\" sizes=\"(max-width: 1024px) 100vw, 1024px\" \/><\/figure>\n\n\n\n<p>\u201cAs\u00ed se ve desde las alturas el recorrido del tren del Corredor Interoce\u00e1nico del Istmo de Tehuantepec\u201d, destac\u00f3 en su cuenta oficial @salomonj.<br><\/p>\n\n\n\n<p>Gracias a este proyecto habr\u00e1 bienestar y desarrollo en Oaxaca y Veracruz\u201d, subray\u00f3. \u201cTambi\u00e9n recibimos innumerables muestras de apoyo y cari\u00f1o del pueblo, que nos saludan al pasar por sus comunidades\u201d.<br><\/p>\n\n\n\n<p>En una de las im\u00e1genes se observa a Jara al lado del mandatario de Veracruz, Cuitl\u00e1huac Garc\u00eda.<\/p>\n\n\n\n<figure class=\"wp-block-image size-large\"><img loading=\"lazy\" decoding=\"async\" width=\"1024\" height=\"503\" src=\"https:\/\/elinformante.mx\/wp-content\/uploads\/2023\/09\/LOPEZ-7-1024x503.jpg\" alt=\"\" class=\"wp-image-36428\" srcset=\"https:\/\/elinformante.mx\/wp-content\/uploads\/2023\/09\/LOPEZ-7-1024x503.jpg 1024w, https:\/\/elinformante.mx\/wp-content\/uploads\/2023\/09\/LOPEZ-7-300x147.jpg 300w, https:\/\/elinformante.mx\/wp-content\/uploads\/2023\/09\/LOPEZ-7-768x377.jpg 768w, https:\/\/elinformante.mx\/wp-content\/uploads\/2023\/09\/LOPEZ-7-580x285.jpg 580w, https:\/\/elinformante.mx\/wp-content\/uploads\/2023\/09\/LOPEZ-7-860x422.jpg 860w, https:\/\/elinformante.mx\/wp-content\/uploads\/2023\/09\/LOPEZ-7.jpg 1140w\" sizes=\"(max-width: 1024px) 100vw, 1024px\" \/><\/figure>\n","protected":false},"excerpt":{"rendered":"<p>El mandatario hizo el recorrido acompa\u00f1ado por el almirante Jos\u00e9 Rafael Ojeda, titular de la Secretar\u00eda de Marina, entidad encargada del proyecto ferroviario, as\u00ed como las secretarias de Gobernaci\u00f3n, Luisa Mar\u00eda Alcalde; de Energ\u00eda, Roc\u00edo Nahle, y de Econom\u00eda, Raquel Buenrostro. Este domingo el presidente Andr\u00e9s Manuel L\u00f3pez Obrador realiz\u00f3 el primer recorrido de supervisi\u00f3n [&hellip;]<\/p>\n","protected":false},"author":1,"featured_media":36424,"comment_status":"closed","ping_status":"closed","sticky":false,"template":"","format":"standard","meta":{"footnotes":""},"categories":[30,31],"tags":[],"class_list":["post-36423","post","type-post","status-publish","format-standard","has-post-thumbnail","hentry","category-destacado","category-portada"],"_links":{"self":[{"href":"https:\/\/elinformante.mx\/index.php?rest_route=\/wp\/v2\/posts\/36423","targetHints":{"allow":["GET"]}}],"collection":[{"href":"https:\/\/elinformante.mx\/index.php?rest_route=\/wp\/v2\/posts"}],"about":[{"href":"https:\/\/elinformante.mx\/index.php?rest_route=\/wp\/v2\/types\/post"}],"author":[{"embeddable":true,"href":"https:\/\/elinformante.mx\/index.php?rest_route=\/wp\/v2\/users\/1"}],"replies":[{"embeddable":true,"href":"https:\/\/elinformante.mx\/index.php?rest_route=%2Fwp%2Fv2%2Fcomments&post=36423"}],"version-history":[{"count":0,"href":"https:\/\/elinformante.mx\/index.php?rest_route=\/wp\/v2\/posts\/36423\/revisions"}],"wp:featuredmedia":[{"embeddable":true,"href":"https:\/\/elinformante.mx\/index.php?rest_route=\/wp\/v2\/media\/36424"}],"wp:attachment":[{"href":"https:\/\/elinformante.mx\/index.php?rest_route=%2Fwp%2Fv2%2Fmedia&parent=36423"}],"wp:term":[{"taxonomy":"category","embeddable":true,"href":"https:\/\/elinformante.mx\/index.php?rest_route=%2Fwp%2Fv2%2Fcategories&post=36423"},{"taxonomy":"post_tag","embeddable":true,"href":"https:\/\/elinformante.mx\/index.php?rest_route=%2Fwp%2Fv2%2Ftags&post=36423"}],"curies":[{"name":"wp","href":"https:\/\/api.w.org\/{rel}","templated":true}]}}