{"id":36449,"date":"2023-09-19T14:13:19","date_gmt":"2023-09-19T14:13:19","guid":{"rendered":"https:\/\/elinformante.mx\/?p=36449"},"modified":"2023-09-19T14:13:20","modified_gmt":"2023-09-19T14:13:20","slug":"feria-patronal-dejara-para-atlacomulco-8-millones-de-pesos","status":"publish","type":"post","link":"https:\/\/elinformante.mx\/?p=36449","title":{"rendered":"Feria Patronal dejar\u00e1 para Atlacomulco 8 millones de pesos"},"content":{"rendered":"\n<blockquote class=\"wp-block-quote is-layout-flow wp-block-quote-is-layout-flow\">\n<p class=\"wp-block-paragraph\">En su segundo d\u00eda de actividades el recinto ferial recibi\u00f3 a 6 mil visitantes, festividades culminar\u00e1n hasta el 29 de septiembre.<\/p>\n<\/blockquote>\n\n\n\n<p class=\"wp-block-paragraph\">La Feria Patronal de Atlacomulco estar\u00eda generando para el municipio una derrama econ\u00f3mica cercana a los 8 millones de pesos, lo que se suma a los 2 millones de pesos que se generaron durante las celebraciones del 15,16 y 17 septiembre ; y que se fusionaron con el arranque de la feria patronal del Se\u00f1or del Huerto el 16 de septiembre; de acuerdo a lo estimado por la Asociaci\u00f3n de Empresarios del Norte del Estado de M\u00e9xico (AENEM).<br><\/p>\n\n\n\n<p class=\"wp-block-paragraph\">Este a\u00f1o el programa alusivo a ambas celebraciones arranc\u00f3 el 7 de septiembre y culminar\u00e1 hasta el 29 de septiembre , ofreciendo a visitantes y locales adem\u00e1s de las religiosas; actividades que van desde charreadas, jaripeos, culturales, deportivas, y bailes populares.<br><\/p>\n\n\n\n<figure class=\"wp-block-image size-large\"><img fetchpriority=\"high\" decoding=\"async\" width=\"1024\" height=\"503\" src=\"https:\/\/elinformante.mx\/wp-content\/uploads\/2023\/09\/feria-1024x503.jpg\" alt=\"\" class=\"wp-image-36451\" srcset=\"https:\/\/elinformante.mx\/wp-content\/uploads\/2023\/09\/feria-1024x503.jpg 1024w, https:\/\/elinformante.mx\/wp-content\/uploads\/2023\/09\/feria-300x147.jpg 300w, https:\/\/elinformante.mx\/wp-content\/uploads\/2023\/09\/feria-768x377.jpg 768w, https:\/\/elinformante.mx\/wp-content\/uploads\/2023\/09\/feria-580x285.jpg 580w, https:\/\/elinformante.mx\/wp-content\/uploads\/2023\/09\/feria-860x422.jpg 860w, https:\/\/elinformante.mx\/wp-content\/uploads\/2023\/09\/feria.jpg 1140w\" sizes=\"(max-width: 1024px) 100vw, 1024px\" \/><\/figure>\n\n\n\n<p class=\"wp-block-paragraph\">El recinto ferial que se instal\u00f3 en la plaza roja de Atlacomulco, estar\u00e1 beneficiando a 200 comerciantes.<br><\/p>\n\n\n\n<p class=\"wp-block-paragraph\">Otros sectores que tambi\u00e9n ver\u00e1n un incremento en ganancias ser\u00e1n los transportistas, hoteleros, restauranteros , bares, artesanos ,due\u00f1os de estacionamientos, comercio en general; adem\u00e1s de las arcas municipales.<br><\/p>\n\n\n\n<p class=\"wp-block-paragraph\">En su segundo d\u00eda de actividades, el recinto ferial recibi\u00f3 a 6 mil visitantes.<\/p>\n","protected":false},"excerpt":{"rendered":"<p>En su segundo d\u00eda de actividades el recinto ferial recibi\u00f3 a 6 mil visitantes, festividades culminar\u00e1n hasta el 29 de septiembre. La Feria Patronal de Atlacomulco estar\u00eda generando para el municipio una derrama econ\u00f3mica cercana a los 8 millones de pesos, lo que se suma a los 2 millones de pesos que se generaron durante [&hellip;]<\/p>\n","protected":false},"author":1,"featured_media":36450,"comment_status":"closed","ping_status":"closed","sticky":false,"template":"","format":"standard","meta":{"footnotes":""},"categories":[30,36],"tags":[],"class_list":["post-36449","post","type-post","status-publish","format-standard","has-post-thumbnail","hentry","category-destacado","category-edomex"],"_links":{"self":[{"href":"https:\/\/elinformante.mx\/index.php?rest_route=\/wp\/v2\/posts\/36449","targetHints":{"allow":["GET"]}}],"collection":[{"href":"https:\/\/elinformante.mx\/index.php?rest_route=\/wp\/v2\/posts"}],"about":[{"href":"https:\/\/elinformante.mx\/index.php?rest_route=\/wp\/v2\/types\/post"}],"author":[{"embeddable":true,"href":"https:\/\/elinformante.mx\/index.php?rest_route=\/wp\/v2\/users\/1"}],"replies":[{"embeddable":true,"href":"https:\/\/elinformante.mx\/index.php?rest_route=%2Fwp%2Fv2%2Fcomments&post=36449"}],"version-history":[{"count":0,"href":"https:\/\/elinformante.mx\/index.php?rest_route=\/wp\/v2\/posts\/36449\/revisions"}],"wp:featuredmedia":[{"embeddable":true,"href":"https:\/\/elinformante.mx\/index.php?rest_route=\/wp\/v2\/media\/36450"}],"wp:attachment":[{"href":"https:\/\/elinformante.mx\/index.php?rest_route=%2Fwp%2Fv2%2Fmedia&parent=36449"}],"wp:term":[{"taxonomy":"category","embeddable":true,"href":"https:\/\/elinformante.mx\/index.php?rest_route=%2Fwp%2Fv2%2Fcategories&post=36449"},{"taxonomy":"post_tag","embeddable":true,"href":"https:\/\/elinformante.mx\/index.php?rest_route=%2Fwp%2Fv2%2Ftags&post=36449"}],"curies":[{"name":"wp","href":"https:\/\/api.w.org\/{rel}","templated":true}]}}