{"id":36453,"date":"2023-09-19T14:15:00","date_gmt":"2023-09-19T14:15:00","guid":{"rendered":"https:\/\/elinformante.mx\/?p=36453"},"modified":"2023-09-19T14:15:01","modified_gmt":"2023-09-19T14:15:01","slug":"inicia-en-metepec-el-programa-escuadron-tapa-tu-bache","status":"publish","type":"post","link":"https:\/\/elinformante.mx\/?p=36453","title":{"rendered":"Inicia en Metepec el programa \u201cEscuadr\u00f3n Tapa tu Bache\u201d"},"content":{"rendered":"\n<blockquote class=\"wp-block-quote is-layout-flow wp-block-quote-is-layout-flow\">\n<p>El Ayuntamiento encabezado por Fernando Flores busca mitigar el problema de baches en el municipio con ayuda de la ciudadan\u00eda.<\/p>\n<\/blockquote>\n\n\n\n<p>El objetivo es mitigar el problema de baches que hay en el municipio y, para atender la demanda ciudadana, este lunes 18 de septiembre inici\u00f3 en Metepec el programa de reparaci\u00f3n de calles: \u201cEscuadr\u00f3n Tapa tu Bache\u201d.<br><\/p>\n\n\n\n<p>Al respecto, el presidente municipal Fernando Flores Fern\u00e1ndez, expuso que la tarea se realiza con el respaldo de vecinas y vecinos, con reglas de operaci\u00f3n claras.<br><\/p>\n\n\n\n<p>El programa \u201cEscuadr\u00f3n Tapa tu Bache\u201d comenz\u00f3 en la comunidad de San Salvador Tizatlalli; sin embargo, ante la demanda ciudadana, se realizar\u00e1 en forma integral en todo el municipio.<br><\/p>\n\n\n\n<p>\u201cEscuadr\u00f3n Tapa tu Bache\u201d dispondr\u00e1 de 500 toneladas de mezcla asf\u00e1ltica en fr\u00edo que ser\u00e1n utilizadas en las 52 delegaciones, donde, previa capacitaci\u00f3n, se realizar\u00e1 la labor de limpieza, aplicaci\u00f3n y compactaci\u00f3n del material en baches de determinada dimensi\u00f3n.<br><\/p>\n\n\n\n<p>Para afectaciones mayores, contin\u00faa a la par, la reparaci\u00f3n de la superficie de rodamiento con mezcla asf\u00e1ltica en caliente, registrando en el \u00faltimo mes, 611 toneladas que se reflejan en 942 baches atendidos y se mantendr\u00e1 en adelante con 30 toneladas diarias de este material.<br><\/p>\n\n\n\n<p>El programa, marcar\u00e1 diferencia por el trabajo coordinado entre gobierno y ciudadan\u00eda, a fin de mejorar las condiciones de las calles.<br><\/p>\n\n\n\n<p>Durante el evento de inicio del programa mencionado, el presidente municipal se\u00f1al\u00f3 que el problema es un tema heredado pero habr\u00e1 de entrarle a la soluci\u00f3n porque de lo que se trata, dijo, \u201cno es administrarlo, sino resolverlo\u201d.<br><\/p>\n\n\n\n<p>Flores Fern\u00e1ndez se comprometi\u00f3 informar a la ciudadan\u00eda peri\u00f3dicamente el avance de los trabajos y reiter\u00f3 el compromiso con la ciudadan\u00eda de terminar con los baches a finales del presente a\u00f1o.<br><\/p>\n\n\n\n<p>Adem\u00e1s, destac\u00f3 tambi\u00e9n que de los poco m\u00e1s de 8 mil baches contabilizados hace unos d\u00edas, ya son mil menos gracias al trabajo realizado.<\/p>\n","protected":false},"excerpt":{"rendered":"<p>El Ayuntamiento encabezado por Fernando Flores busca mitigar el problema de baches en el municipio con ayuda de la ciudadan\u00eda. El objetivo es mitigar el problema de baches que hay en el municipio y, para atender la demanda ciudadana, este lunes 18 de septiembre inici\u00f3 en Metepec el programa de reparaci\u00f3n de calles: \u201cEscuadr\u00f3n Tapa [&hellip;]<\/p>\n","protected":false},"author":1,"featured_media":36454,"comment_status":"closed","ping_status":"closed","sticky":false,"template":"","format":"standard","meta":{"footnotes":""},"categories":[30,36],"tags":[],"class_list":["post-36453","post","type-post","status-publish","format-standard","has-post-thumbnail","hentry","category-destacado","category-edomex"],"_links":{"self":[{"href":"https:\/\/elinformante.mx\/index.php?rest_route=\/wp\/v2\/posts\/36453","targetHints":{"allow":["GET"]}}],"collection":[{"href":"https:\/\/elinformante.mx\/index.php?rest_route=\/wp\/v2\/posts"}],"about":[{"href":"https:\/\/elinformante.mx\/index.php?rest_route=\/wp\/v2\/types\/post"}],"author":[{"embeddable":true,"href":"https:\/\/elinformante.mx\/index.php?rest_route=\/wp\/v2\/users\/1"}],"replies":[{"embeddable":true,"href":"https:\/\/elinformante.mx\/index.php?rest_route=%2Fwp%2Fv2%2Fcomments&post=36453"}],"version-history":[{"count":0,"href":"https:\/\/elinformante.mx\/index.php?rest_route=\/wp\/v2\/posts\/36453\/revisions"}],"wp:featuredmedia":[{"embeddable":true,"href":"https:\/\/elinformante.mx\/index.php?rest_route=\/wp\/v2\/media\/36454"}],"wp:attachment":[{"href":"https:\/\/elinformante.mx\/index.php?rest_route=%2Fwp%2Fv2%2Fmedia&parent=36453"}],"wp:term":[{"taxonomy":"category","embeddable":true,"href":"https:\/\/elinformante.mx\/index.php?rest_route=%2Fwp%2Fv2%2Fcategories&post=36453"},{"taxonomy":"post_tag","embeddable":true,"href":"https:\/\/elinformante.mx\/index.php?rest_route=%2Fwp%2Fv2%2Ftags&post=36453"}],"curies":[{"name":"wp","href":"https:\/\/api.w.org\/{rel}","templated":true}]}}