{"id":36483,"date":"2023-09-19T14:38:03","date_gmt":"2023-09-19T14:38:03","guid":{"rendered":"https:\/\/elinformante.mx\/?p=36483"},"modified":"2023-09-19T14:38:04","modified_gmt":"2023-09-19T14:38:04","slug":"ebrard-se-desinfla","status":"publish","type":"post","link":"https:\/\/elinformante.mx\/?p=36483","title":{"rendered":"EBRARD SE DESINFLA"},"content":{"rendered":"\n<blockquote class=\"wp-block-quote is-layout-flow wp-block-quote-is-layout-flow\">\n<p>Ante lo que se ve como \u201cpataleos\u201d, el ex aspirante a la coordinaci\u00f3n de los comit\u00e9s de defensa de la 4T aclar\u00f3 que no sale de Morena, pero crea una asociaci\u00f3n civil llamada \u201cEl Camino de M\u00e9xico\u201d.<\/p>\n<\/blockquote>\n\n\n\n<p>De cara al proceso electoral de 2024, Marcelo Ebrard Casaub\u00f3n insiste en ser el abanderado de Morena para la elecci\u00f3n presidencial del 2024 y, para ello, anunci\u00f3 la constituci\u00f3n de la asociaci\u00f3n civil \u201cEl Camino de M\u00e9xico\u201d, a trav\u00e9s de la cual promover\u00e1 su propuesta pol\u00edtica de pa\u00eds.<br><\/p>\n\n\n\n<p>Fue este lunes, durante una reuni\u00f3n realizada en una residencia ubicada al sur de la Ciudad de M\u00e9xico, donde el ex canciller convoc\u00f3 a m\u00e1s de un millar de asistentes, representantes de su movimiento, legisladores federales y locales a no darse por vencidos y seguir adelante.<br><\/p>\n\n\n\n<p>\u201cCualquiera que sea la circunstancia pol\u00edtica, quienes coincidamos, quienes coincidimos tenemos que seguir adelante, nunca darnos por vencidos. El camino que vamos a seguir es organizarnos en todo el pa\u00eds, que todo lo que hemos hecho no se pierda\u201d, se\u00f1al\u00f3.<br><\/p>\n\n\n\n<p>A pesar de que se ven pocas o nulas posibilidades de que se cambie el resultado que hizo a Claudia Sheinbaum Pardo la coordinadora de la 4T, Ebrard aclar\u00f3 que no busca formar, por ahora, un partido pol\u00edtico porque los tiempos no lo permiten, pero si una asociaci\u00f3n civil que enarbole los principios de su movimiento.<br><\/p>\n\n\n\n<figure class=\"wp-block-image size-large\"><img fetchpriority=\"high\" decoding=\"async\" width=\"1024\" height=\"503\" src=\"https:\/\/elinformante.mx\/wp-content\/uploads\/2023\/09\/EBRARD-1-1024x503.jpg\" alt=\"\" class=\"wp-image-36485\" srcset=\"https:\/\/elinformante.mx\/wp-content\/uploads\/2023\/09\/EBRARD-1-1024x503.jpg 1024w, https:\/\/elinformante.mx\/wp-content\/uploads\/2023\/09\/EBRARD-1-300x147.jpg 300w, https:\/\/elinformante.mx\/wp-content\/uploads\/2023\/09\/EBRARD-1-768x377.jpg 768w, https:\/\/elinformante.mx\/wp-content\/uploads\/2023\/09\/EBRARD-1-580x285.jpg 580w, https:\/\/elinformante.mx\/wp-content\/uploads\/2023\/09\/EBRARD-1-860x422.jpg 860w, https:\/\/elinformante.mx\/wp-content\/uploads\/2023\/09\/EBRARD-1.jpg 1140w\" sizes=\"(max-width: 1024px) 100vw, 1024px\" \/><\/figure>\n\n\n\n<p>Cabe mencionar que la Comisi\u00f3n de Honestidad de Morena se encuentra sin definir la denuncia de Ebrard.<br><\/p>\n\n\n\n<p>Ebrard estuvo acompa\u00f1ado en el templete por su coordinadora Martha Delgado y la representante ante Morena, Mal\u00fa Micher, quien reconoci\u00f3 que el proceso interno de su partido no fue un camino f\u00e1cil, pero lo siguieron y ahora esperan la resoluci\u00f3n del Comit\u00e9 de Honestidad a la impugnaci\u00f3n que presentaron.<br><\/p>\n\n\n\n<p>Marcelo Ebrard hab\u00eda anunciado una gira por el pa\u00eds a partir de este lunes, durante un mes, para agradecer a quienes lo apoyaron durante su etapa de recorridos y levantamiento de encuestas.<br><\/p>\n\n\n\n<p>Al t\u00e9rmino de estas visitas y luego de que Morena le informe del proceso de impugnaci\u00f3n, el pol\u00edtico valorar\u00e1 las opciones para participar en el proceso electoral presidencial del pr\u00f3ximo a\u00f1o.<\/p>\n\n\n\n<figure class=\"wp-block-image size-large\"><img decoding=\"async\" width=\"1024\" height=\"503\" src=\"https:\/\/elinformante.mx\/wp-content\/uploads\/2023\/09\/EBRARD-4-1-1024x503.jpg\" alt=\"\" class=\"wp-image-36486\" srcset=\"https:\/\/elinformante.mx\/wp-content\/uploads\/2023\/09\/EBRARD-4-1-1024x503.jpg 1024w, https:\/\/elinformante.mx\/wp-content\/uploads\/2023\/09\/EBRARD-4-1-300x147.jpg 300w, https:\/\/elinformante.mx\/wp-content\/uploads\/2023\/09\/EBRARD-4-1-768x377.jpg 768w, https:\/\/elinformante.mx\/wp-content\/uploads\/2023\/09\/EBRARD-4-1-580x285.jpg 580w, https:\/\/elinformante.mx\/wp-content\/uploads\/2023\/09\/EBRARD-4-1-860x422.jpg 860w, https:\/\/elinformante.mx\/wp-content\/uploads\/2023\/09\/EBRARD-4-1.jpg 1140w\" sizes=\"(max-width: 1024px) 100vw, 1024px\" \/><\/figure>\n","protected":false},"excerpt":{"rendered":"<p>Ante lo que se ve como \u201cpataleos\u201d, el ex aspirante a la coordinaci\u00f3n de los comit\u00e9s de defensa de la 4T aclar\u00f3 que no sale de Morena, pero crea una asociaci\u00f3n civil llamada \u201cEl Camino de M\u00e9xico\u201d. De cara al proceso electoral de 2024, Marcelo Ebrard Casaub\u00f3n insiste en ser el abanderado de Morena para [&hellip;]<\/p>\n","protected":false},"author":1,"featured_media":36484,"comment_status":"closed","ping_status":"closed","sticky":false,"template":"","format":"standard","meta":{"footnotes":""},"categories":[30,31],"tags":[],"class_list":["post-36483","post","type-post","status-publish","format-standard","has-post-thumbnail","hentry","category-destacado","category-portada"],"_links":{"self":[{"href":"https:\/\/elinformante.mx\/index.php?rest_route=\/wp\/v2\/posts\/36483","targetHints":{"allow":["GET"]}}],"collection":[{"href":"https:\/\/elinformante.mx\/index.php?rest_route=\/wp\/v2\/posts"}],"about":[{"href":"https:\/\/elinformante.mx\/index.php?rest_route=\/wp\/v2\/types\/post"}],"author":[{"embeddable":true,"href":"https:\/\/elinformante.mx\/index.php?rest_route=\/wp\/v2\/users\/1"}],"replies":[{"embeddable":true,"href":"https:\/\/elinformante.mx\/index.php?rest_route=%2Fwp%2Fv2%2Fcomments&post=36483"}],"version-history":[{"count":0,"href":"https:\/\/elinformante.mx\/index.php?rest_route=\/wp\/v2\/posts\/36483\/revisions"}],"wp:featuredmedia":[{"embeddable":true,"href":"https:\/\/elinformante.mx\/index.php?rest_route=\/wp\/v2\/media\/36484"}],"wp:attachment":[{"href":"https:\/\/elinformante.mx\/index.php?rest_route=%2Fwp%2Fv2%2Fmedia&parent=36483"}],"wp:term":[{"taxonomy":"category","embeddable":true,"href":"https:\/\/elinformante.mx\/index.php?rest_route=%2Fwp%2Fv2%2Fcategories&post=36483"},{"taxonomy":"post_tag","embeddable":true,"href":"https:\/\/elinformante.mx\/index.php?rest_route=%2Fwp%2Fv2%2Ftags&post=36483"}],"curies":[{"name":"wp","href":"https:\/\/api.w.org\/{rel}","templated":true}]}}