{"id":36488,"date":"2023-09-19T14:50:33","date_gmt":"2023-09-19T14:50:33","guid":{"rendered":"https:\/\/elinformante.mx\/?p=36488"},"modified":"2023-09-19T14:50:34","modified_gmt":"2023-09-19T14:50:34","slug":"huelga-de-actores-en-hollywood-no-afecta-al-festival-de-san-sebastian","status":"publish","type":"post","link":"https:\/\/elinformante.mx\/?p=36488","title":{"rendered":"Huelga de actores en Hollywood no afecta al festival de San Sebasti\u00e1n"},"content":{"rendered":"\n<blockquote class=\"wp-block-quote is-layout-flow wp-block-quote-is-layout-flow\">\n<p>\u201cSan Sebasti\u00e1n no es un festival que se base en el glamour, su repercusi\u00f3n tiene mucho m\u00e1s que ver con el cine que se proyecta y con las actividades de industria.<\/p>\n<\/blockquote>\n\n\n\n<p>Jos\u00e9 Luis Rebordinos, director del Festival de Cine de San Sebasti\u00e1n, asume que la 71 edici\u00f3n puede ser \u201cun poquito menos lucida\u201d que otros a\u00f1os por la falta de estrellas de Hollywood debido a la huelga de actores, aunque no va a suponer \u201cun golpe en la l\u00ednea de flotaci\u00f3n del certamen\u201d.<br><\/p>\n\n\n\n<p>Rebordinos se\u00f1al\u00f3 que el efecto en este festival, que comienza el pr\u00f3ximo 22 de septiembre en la ciudad de San Sebasti\u00e1n, Espa\u00f1a, es distinto a casos como el de Venecia en Italia, \u201cun festival grandioso\u201d que cuenta cada a\u00f1o \u201ccon catorce o quince estrellas de primer\u00edsima fila\u201d y al que su ausencia \u201ccambia mucho el perfil\u201d.<br><\/p>\n\n\n\n<p>\u201cSan Sebasti\u00e1n no es un festival que se base en el glamour, su repercusi\u00f3n tiene mucho m\u00e1s que ver con el cine que se proyecta y con las actividades de industria, con esos descubrimientos de \u00f3peras primas y segundas pel\u00edculas que de pronto ganan la Concha de Oro\u201d, el primer premio del festival, destac\u00f3.<br><\/p>\n\n\n\n<p>El actor espa\u00f1ol Javier Bardem es el protagonista del cartel de este a\u00f1o, pero no acudir\u00e1 a recoger el Premio Donostia porque forma parte del sindicato de actores en huelga, aunque estar\u00e1 en San Sebasti\u00e1n en 2024 para recoger el galard\u00f3n.<br><\/p>\n\n\n\n<p>\u201cPero glamour va a haber, m\u00e1s europeo y m\u00e1s espa\u00f1ol este a\u00f1o\u201d, agrega, con nombres como Juliette Binoche, Gabriel Byrne, Dominic West, James Norton, Mads Mikkelsen, Griffin Dunne, Aidan Gille, Fran\u00e7ois Cluzet y Emmanuelle Devos.<br><\/p>\n\n\n\n<p>Este a\u00f1o se volver\u00e1n a proyectar m\u00e1s de doscientas pel\u00edculas hasta el 30 de septiembre. La Secci\u00f3n Oficial re\u00fane filmes \u201ccon mucha personalidad\u201d para competir por la Concha de Oro.<br><\/p>\n\n\n\n<p>\u201cPor un lado, hay pel\u00edculas que buscan nuevos caminos, m\u00e1s experimentales o que arriesgan m\u00e1s, como \u2018MMXX\u2019, de Cristi Puio, o \u2018Kalak\u2019, de la directora sueca Isabella Ekl\u00f6f. Y otras con los c\u00f3digos m\u00e1s t\u00edpicos del cine cl\u00e1sico, como \u2018The Royal Hotel\u2019, de Kitty Green\u201d, explic\u00f3.<br><\/p>\n\n\n\n<p>Remarc\u00f3 que es tambi\u00e9n una secci\u00f3n \u201cmuy femenina\u201d, incluida la representaci\u00f3n espa\u00f1ola, con las realizadoras Isabel Coixet, Isabel Herguera y Jaione Camborda.<br><\/p>\n\n\n\n<p>Inicia el Festival su nueva edici\u00f3n el mismo d\u00eda en que Rebordinos cumple 62 a\u00f1os. Tiene claro que solo estar\u00e1 al frente del certamen un trienio m\u00e1s.<br><\/p>\n\n\n\n<p>\u201cMe ir\u00e9 con la 74 edici\u00f3n s\u00ed o s\u00ed, siempre que el consejo de administraci\u00f3n quiera que siga hasta entonces (\u2026) En estos momentos, hay dos personas dentro del Festival que podr\u00edan coger ma\u00f1ana mismo la direcci\u00f3n (\u2026) Ayudar\u00e9 lo que haga falta, no me voy a ir con un portazo\u201d, coment\u00f3, tras asegurar que su relevo no va a suponer un problema.<br><\/p>\n\n\n\n<p>Indica que unos de sus empe\u00f1os desde que accedi\u00f3 a la direcci\u00f3n ha sido que el festival tenga \u201cuna estructura empresarial\u201d.<br><\/p>\n\n\n\n<p>\u201cLa apuesta por la industria ha tenido una repercusi\u00f3n brutal. Creo que el festival sigue teniendo la presencia que tiene mundialmente, y ha aumentado, gracias a la industria. Probablemente si cuando llegamos no apostamos por la industria, el festival hubiera languidecido porque los tiempos han cambiado\u201d, manifest\u00f3.<br><\/p>\n\n\n\n<p>Asimismo, hay cuestiones que han intentado llevar a cabo en estos a\u00f1os pero que \u201cno han funcionado\u201d, como el lograr la asistencia de m\u00e1s representantes de la prensa internacional al certamen, algo \u201cmuy dif\u00edcil\u201d con la proximidad de Venecia y Toronto antes y de Londres y Roma despu\u00e9s.<br><\/p>\n\n\n\n<p>\u201cTal vez esa sea una tarea que le quede pendiente a la nueva direcci\u00f3n, pero es muy dif\u00edcil por ese tap\u00f3n entre festivales\u201d, a\u00f1ade.<\/p>\n","protected":false},"excerpt":{"rendered":"<p>\u201cSan Sebasti\u00e1n no es un festival que se base en el glamour, su repercusi\u00f3n tiene mucho m\u00e1s que ver con el cine que se proyecta y con las actividades de industria. Jos\u00e9 Luis Rebordinos, director del Festival de Cine de San Sebasti\u00e1n, asume que la 71 edici\u00f3n puede ser \u201cun poquito menos lucida\u201d que otros [&hellip;]<\/p>\n","protected":false},"author":1,"featured_media":36489,"comment_status":"closed","ping_status":"closed","sticky":false,"template":"","format":"standard","meta":{"footnotes":""},"categories":[39],"tags":[],"class_list":["post-36488","post","type-post","status-publish","format-standard","has-post-thumbnail","hentry","category-espectaculos"],"_links":{"self":[{"href":"https:\/\/elinformante.mx\/index.php?rest_route=\/wp\/v2\/posts\/36488","targetHints":{"allow":["GET"]}}],"collection":[{"href":"https:\/\/elinformante.mx\/index.php?rest_route=\/wp\/v2\/posts"}],"about":[{"href":"https:\/\/elinformante.mx\/index.php?rest_route=\/wp\/v2\/types\/post"}],"author":[{"embeddable":true,"href":"https:\/\/elinformante.mx\/index.php?rest_route=\/wp\/v2\/users\/1"}],"replies":[{"embeddable":true,"href":"https:\/\/elinformante.mx\/index.php?rest_route=%2Fwp%2Fv2%2Fcomments&post=36488"}],"version-history":[{"count":0,"href":"https:\/\/elinformante.mx\/index.php?rest_route=\/wp\/v2\/posts\/36488\/revisions"}],"wp:featuredmedia":[{"embeddable":true,"href":"https:\/\/elinformante.mx\/index.php?rest_route=\/wp\/v2\/media\/36489"}],"wp:attachment":[{"href":"https:\/\/elinformante.mx\/index.php?rest_route=%2Fwp%2Fv2%2Fmedia&parent=36488"}],"wp:term":[{"taxonomy":"category","embeddable":true,"href":"https:\/\/elinformante.mx\/index.php?rest_route=%2Fwp%2Fv2%2Fcategories&post=36488"},{"taxonomy":"post_tag","embeddable":true,"href":"https:\/\/elinformante.mx\/index.php?rest_route=%2Fwp%2Fv2%2Ftags&post=36488"}],"curies":[{"name":"wp","href":"https:\/\/api.w.org\/{rel}","templated":true}]}}