{"id":36495,"date":"2023-09-19T14:53:10","date_gmt":"2023-09-19T14:53:10","guid":{"rendered":"https:\/\/elinformante.mx\/?p=36495"},"modified":"2023-09-19T14:53:11","modified_gmt":"2023-09-19T14:53:11","slug":"vinculan-a-proceso-a-sujeto-investigado-por-homicidio-calificado-en-grado-de-tentativa-registrado-en-acolman","status":"publish","type":"post","link":"https:\/\/elinformante.mx\/?p=36495","title":{"rendered":"Vinculan a proceso a sujeto investigado por homicidio calificado en grado de tentativa registrado en Acolman"},"content":{"rendered":"\n<blockquote class=\"wp-block-quote is-layout-flow wp-block-quote-is-layout-flow\">\n<p>El detenido y otros sujetos habr\u00edan golpeado a un hombre, hechos que fueron captados por una c\u00e1mara de vigilancia y dados a conocer a trav\u00e9s de medios de comunicaci\u00f3n.<\/p>\n<\/blockquote>\n\n\n\n<p>Un individuo identificado como N\u00e9stor Alexis \u201cN\u201d, fue vinculado a proceso, luego de que la Fiscal\u00eda General de Justicia del Estado de M\u00e9xico (FGJEM) acredit\u00f3 su posible intervenci\u00f3n en el delito de homicidio en grado de tentativa en agravio de un joven a quien habr\u00eda golpeado, hechos captados por una c\u00e1mara de vigilancia y dados a conocer a trav\u00e9s de medios de comunicaci\u00f3n.<br><\/p>\n\n\n\n<p>Luego de revisar los datos de prueba aportados por el Agente del Ministerio P\u00fablico, la Autoridad Judicial con sede en Texcoco determin\u00f3 iniciar proceso legal contra este individuo, con plazo de dos meses para el cierre de investigaci\u00f3n complementaria y ratific\u00f3 la medida cautelar de prisi\u00f3n preventiva justificada, establecida en audiencia anterior.<br><\/p>\n\n\n\n<p>Este sujeto fue detenido el pasado 10 de septiembre por elementos de la Polic\u00eda Municipal de Acolman, luego de que en complicidad con otros sujetos habr\u00eda golpeado a la v\u00edctima, cuando se encontraban en la calle 16 de septiembre, de la colonia Acolman Centro.<br><\/p>\n\n\n\n<p>La persona lesionada fue trasladada a un nosocomio para recibir atenci\u00f3n m\u00e9dica; actualmente sigue hospitalizado.<br><\/p>\n\n\n\n<p>En tanto que el detenido fue presentado ante el Agente del Ministerio P\u00fablico, quien inici\u00f3 la investigaci\u00f3n por el delito de homicidio en grado de tentativa. Dentro del plazo constitucional, elementos de la Polic\u00eda de Investigaci\u00f3n lo ingresaron al Centro Penitenciario y de Reinserci\u00f3n Social de Texcoco, a disposici\u00f3n de la Autoridad Judicial, quien lo vincul\u00f3 a proceso.<br><\/p>\n\n\n\n<p>Al detenido se le debe considerar inocente hasta que sea dictada una sentencia condenatoria en su contra.<\/p>\n","protected":false},"excerpt":{"rendered":"<p>El detenido y otros sujetos habr\u00edan golpeado a un hombre, hechos que fueron captados por una c\u00e1mara de vigilancia y dados a conocer a trav\u00e9s de medios de comunicaci\u00f3n. Un individuo identificado como N\u00e9stor Alexis \u201cN\u201d, fue vinculado a proceso, luego de que la Fiscal\u00eda General de Justicia del Estado de M\u00e9xico (FGJEM) acredit\u00f3 su [&hellip;]<\/p>\n","protected":false},"author":1,"featured_media":36496,"comment_status":"closed","ping_status":"closed","sticky":false,"template":"","format":"standard","meta":{"footnotes":""},"categories":[36,37],"tags":[],"class_list":["post-36495","post","type-post","status-publish","format-standard","has-post-thumbnail","hentry","category-edomex","category-justicia"],"_links":{"self":[{"href":"https:\/\/elinformante.mx\/index.php?rest_route=\/wp\/v2\/posts\/36495","targetHints":{"allow":["GET"]}}],"collection":[{"href":"https:\/\/elinformante.mx\/index.php?rest_route=\/wp\/v2\/posts"}],"about":[{"href":"https:\/\/elinformante.mx\/index.php?rest_route=\/wp\/v2\/types\/post"}],"author":[{"embeddable":true,"href":"https:\/\/elinformante.mx\/index.php?rest_route=\/wp\/v2\/users\/1"}],"replies":[{"embeddable":true,"href":"https:\/\/elinformante.mx\/index.php?rest_route=%2Fwp%2Fv2%2Fcomments&post=36495"}],"version-history":[{"count":0,"href":"https:\/\/elinformante.mx\/index.php?rest_route=\/wp\/v2\/posts\/36495\/revisions"}],"wp:featuredmedia":[{"embeddable":true,"href":"https:\/\/elinformante.mx\/index.php?rest_route=\/wp\/v2\/media\/36496"}],"wp:attachment":[{"href":"https:\/\/elinformante.mx\/index.php?rest_route=%2Fwp%2Fv2%2Fmedia&parent=36495"}],"wp:term":[{"taxonomy":"category","embeddable":true,"href":"https:\/\/elinformante.mx\/index.php?rest_route=%2Fwp%2Fv2%2Fcategories&post=36495"},{"taxonomy":"post_tag","embeddable":true,"href":"https:\/\/elinformante.mx\/index.php?rest_route=%2Fwp%2Fv2%2Ftags&post=36495"}],"curies":[{"name":"wp","href":"https:\/\/api.w.org\/{rel}","templated":true}]}}