{"id":36504,"date":"2023-09-19T15:01:56","date_gmt":"2023-09-19T15:01:56","guid":{"rendered":"https:\/\/elinformante.mx\/?p=36504"},"modified":"2023-09-19T15:01:57","modified_gmt":"2023-09-19T15:01:57","slug":"dan-oxigeno-a-deudores-del-infonavit-con-borron-y-cuenta-nueva","status":"publish","type":"post","link":"https:\/\/elinformante.mx\/?p=36504","title":{"rendered":"Dan ox\u00edgeno a deudores del Infonavit con \u201cBorr\u00f3n y Cuenta Nueva\u201d"},"content":{"rendered":"\n<blockquote class=\"wp-block-quote is-layout-flow wp-block-quote-is-layout-flow\">\n<p>Los acreditados que acepten esta soluci\u00f3n y cumplan con sus pagos, podr\u00edan recibir un beneficio econ\u00f3mico sobre el total de su deuda.<\/p>\n<\/blockquote>\n\n\n\n<p>Debido a que existe un n\u00famero importante de trabajadores que no han cumplido con sus pagos del Infonavit \u2013alrededor de 128 mil a nivel nacional-, este organismo puso en operaci\u00f3n el programa \u201cBorr\u00f3n y Cuenta Nueva\u201d \u2013independientemente de que cuenten o no con un empleo en este momento-, con lo cual se borrar\u00e1 su historial crediticio.<br><\/p>\n\n\n\n<p>El titular nacional del organismo, Carlos Mart\u00ednez, inform\u00f3 que el tr\u00e1mite para los y las interesadas es sencillo y sin salir de su casa con s\u00f3lo acceder v\u00eda internet a su cuenta Infonavit, sin importar que se haya agotado su seguro de desempleo y sin la necesidad de intermediarios o \u201ccoyotes\u201d.<br><\/p>\n\n\n\n<p>\u201cLas personas acreditadas que registren atrasos en sus pagos podr\u00e1n regularizar su cr\u00e9dito con Borr\u00f3n y Cuenta Nueva por convenio privado, sin importar si su financiamiento est\u00e1 en Veces Salario M\u00ednimo (VSM) o en pesos\u201d, extern\u00f3.<br><\/p>\n\n\n\n<p>Las y los acreditados, agreg\u00f3, que acepten esta soluci\u00f3n y cumplan con sus pagos, podr\u00edan recibir un beneficio econ\u00f3mico sobre el total de su deuda.<br><\/p>\n\n\n\n<p>\u201cEste programa tiene el objetivo de seguir apoyando a las y los trabajadores a proteger su hogar, ya que el Instituto flexibiliz\u00f3 el programa Borr\u00f3n y Cuenta Nueva por convenio privado\u201d, enfatiz\u00f3.<br><\/p>\n\n\n\n<p>El director general de este instituto, destac\u00f3 que las y los acreditados que cumplan en tiempo y forma con los pagos posteriores a la aplicaci\u00f3n de la soluci\u00f3n y con los criterios establecidos, podr\u00edan recibir un beneficio econ\u00f3mico que les ayudar\u00e1 a disminuir su deuda total.<br><\/p>\n\n\n\n<p>Mientras que las personas acreditadas podr\u00e1n aplicar al programa si: Tienen de una a nueve mensualidades sin pagar, han agotado el Seguro de Desempleo (Fondo de Protecci\u00f3n de Pagos), alcanzan a pagar el cr\u00e9dito en el plazo que se estableci\u00f3 inicialmente en su contrato y su cr\u00e9dito no se encuentra en proceso jur\u00eddico.<br><\/p>\n\n\n\n<p>Tambi\u00e9n si no cuentan con una soluci\u00f3n o producto activo y sin importar que no hayan liquidado el cr\u00e9dito o les faltan al menos 12 mensualidades por pagar.<br><\/p>\n\n\n\n<p>\u201cSi los pagos posteriores a la soluci\u00f3n se realizan en tiempo y forma, y se cumplen los criterios establecidos, las personas acreditadas podr\u00edan recibir un beneficio econ\u00f3mico que se aplica directamente a la deuda actual, ayudando a disminuirla a mediano plazo\u201d, concluy\u00f3.<\/p>\n","protected":false},"excerpt":{"rendered":"<p>Los acreditados que acepten esta soluci\u00f3n y cumplan con sus pagos, podr\u00edan recibir un beneficio econ\u00f3mico sobre el total de su deuda. Debido a que existe un n\u00famero importante de trabajadores que no han cumplido con sus pagos del Infonavit \u2013alrededor de 128 mil a nivel nacional-, este organismo puso en operaci\u00f3n el programa \u201cBorr\u00f3n [&hellip;]<\/p>\n","protected":false},"author":1,"featured_media":36505,"comment_status":"closed","ping_status":"closed","sticky":false,"template":"","format":"standard","meta":{"footnotes":""},"categories":[36],"tags":[],"class_list":["post-36504","post","type-post","status-publish","format-standard","has-post-thumbnail","hentry","category-edomex"],"_links":{"self":[{"href":"https:\/\/elinformante.mx\/index.php?rest_route=\/wp\/v2\/posts\/36504","targetHints":{"allow":["GET"]}}],"collection":[{"href":"https:\/\/elinformante.mx\/index.php?rest_route=\/wp\/v2\/posts"}],"about":[{"href":"https:\/\/elinformante.mx\/index.php?rest_route=\/wp\/v2\/types\/post"}],"author":[{"embeddable":true,"href":"https:\/\/elinformante.mx\/index.php?rest_route=\/wp\/v2\/users\/1"}],"replies":[{"embeddable":true,"href":"https:\/\/elinformante.mx\/index.php?rest_route=%2Fwp%2Fv2%2Fcomments&post=36504"}],"version-history":[{"count":0,"href":"https:\/\/elinformante.mx\/index.php?rest_route=\/wp\/v2\/posts\/36504\/revisions"}],"wp:featuredmedia":[{"embeddable":true,"href":"https:\/\/elinformante.mx\/index.php?rest_route=\/wp\/v2\/media\/36505"}],"wp:attachment":[{"href":"https:\/\/elinformante.mx\/index.php?rest_route=%2Fwp%2Fv2%2Fmedia&parent=36504"}],"wp:term":[{"taxonomy":"category","embeddable":true,"href":"https:\/\/elinformante.mx\/index.php?rest_route=%2Fwp%2Fv2%2Fcategories&post=36504"},{"taxonomy":"post_tag","embeddable":true,"href":"https:\/\/elinformante.mx\/index.php?rest_route=%2Fwp%2Fv2%2Ftags&post=36504"}],"curies":[{"name":"wp","href":"https:\/\/api.w.org\/{rel}","templated":true}]}}