{"id":36510,"date":"2023-09-19T15:03:38","date_gmt":"2023-09-19T15:03:38","guid":{"rendered":"https:\/\/elinformante.mx\/?p=36510"},"modified":"2023-09-19T15:03:39","modified_gmt":"2023-09-19T15:03:39","slug":"realizaran-coloquio-la-justicia-en-mexico-en-el-pjedomex","status":"publish","type":"post","link":"https:\/\/elinformante.mx\/?p=36510","title":{"rendered":"Realizar\u00e1n coloquio \u201cLa Justicia en M\u00e9xico\u201d en el PJEdom\u00e9x"},"content":{"rendered":"\n<blockquote class=\"wp-block-quote is-layout-flow wp-block-quote-is-layout-flow\">\n<p>Se desarrollar\u00e1n dos mesas de an\u00e1lisis con especialistas en historia y jurisprudencia.<\/p>\n<\/blockquote>\n\n\n\n<p>El pr\u00f3ximo 20 de septiembre, el Poder Judicial del Estado de M\u00e9xico y El Colegio Mexiquense llevar\u00e1n a cabo el Coloquio \u201cLa Justicia en M\u00e9xico: una retrospectiva hist\u00f3rica\u201d desde la justicia: prehisp\u00e1nica, eclesi\u00e1stica, entre mulatas y esclavos, hasta justicia insurgente y tecnolog\u00edas de la informaci\u00f3n.<br><\/p>\n\n\n\n<p>Como actividad inaugural se dictar\u00e1 la Conferencia Magistral, \u201cIsidro Fabela: su legado para la justicia mexicana\u201d, por el acad\u00e9mico y especialista en derechos humanos, Fernando Serrano Migall\u00f3n y moderada por Juan Carlos Abreu y Abreu, titular del Centro de Investigaciones de la EJEM.<br><\/p>\n\n\n\n<p>Durante la jornada, con sede en la Escuela Judicial, se desarrollar\u00e1n dos mesas de an\u00e1lisis, la primera \u201cAntecedentes de la Justicia mexicana\u201d estar\u00e1 integrada por Ana Luisa Izquierdo, de la Universidad Nacional Aut\u00f3noma de M\u00e9xico; Carolina Yeveth Aguilar Garc\u00eda y \u00d3scar Hern\u00e1ndez Santiago, profesores investigadores de El Colegio Mexiquense.<br><\/p>\n\n\n\n<p>Tambi\u00e9n participar\u00e1n, M\u00f3nica Vel\u00e1zquez Sandoval, del Archivo General de la Naci\u00f3n y Alonso Guerrero Galv\u00e1n, del Instituto Nacional de Antropolog\u00eda e Historia.<br><\/p>\n\n\n\n<p>En la segunda mesa \u201cLa Justicia en M\u00e9xico del Siglo XIX al XX\u201d, participar\u00e1 Ricardo Sodi Cuellar, Magistrado Presidente del Tribunal Superior de Justicia de la Entidad, Doctor en Derecho por la Universidad Complutense de Madrid.<br><\/p>\n\n\n\n<p>Junto a Jaime del Arenal Fenochio, de la Academia Mexicana de la Historia; C\u00e9sar Camacho Quiroz, de El Colegio Mexiquense; Manuel Gonz\u00e1lez Oropeza, Investigador Em\u00e9rito del Sistema Nacional de Investigadores; Alma de los \u00c1ngeles R\u00edos Ruiz, de la Universidad Nacional Aut\u00f3noma de M\u00e9xico; y el moderador ser\u00e1 Sadot S\u00e1nchez Carre\u00f1o, del PJEdom\u00e9x.<br><\/p>\n\n\n\n<p>Las y los interesados podr\u00e1n participar en este di\u00e1logo en torno a la historia de la Justicia en M\u00e9xico, escuchando y aprendiendo m\u00e1s desde la perspectiva de especialistas, al registrarse en retrospectivahistorica.pjedomexeventos.com\/registro.<\/p>\n","protected":false},"excerpt":{"rendered":"<p>Se desarrollar\u00e1n dos mesas de an\u00e1lisis con especialistas en historia y jurisprudencia. El pr\u00f3ximo 20 de septiembre, el Poder Judicial del Estado de M\u00e9xico y El Colegio Mexiquense llevar\u00e1n a cabo el Coloquio \u201cLa Justicia en M\u00e9xico: una retrospectiva hist\u00f3rica\u201d desde la justicia: prehisp\u00e1nica, eclesi\u00e1stica, entre mulatas y esclavos, hasta justicia insurgente y tecnolog\u00edas de [&hellip;]<\/p>\n","protected":false},"author":1,"featured_media":36511,"comment_status":"closed","ping_status":"closed","sticky":false,"template":"","format":"standard","meta":{"footnotes":""},"categories":[36],"tags":[],"class_list":["post-36510","post","type-post","status-publish","format-standard","has-post-thumbnail","hentry","category-edomex"],"_links":{"self":[{"href":"https:\/\/elinformante.mx\/index.php?rest_route=\/wp\/v2\/posts\/36510","targetHints":{"allow":["GET"]}}],"collection":[{"href":"https:\/\/elinformante.mx\/index.php?rest_route=\/wp\/v2\/posts"}],"about":[{"href":"https:\/\/elinformante.mx\/index.php?rest_route=\/wp\/v2\/types\/post"}],"author":[{"embeddable":true,"href":"https:\/\/elinformante.mx\/index.php?rest_route=\/wp\/v2\/users\/1"}],"replies":[{"embeddable":true,"href":"https:\/\/elinformante.mx\/index.php?rest_route=%2Fwp%2Fv2%2Fcomments&post=36510"}],"version-history":[{"count":0,"href":"https:\/\/elinformante.mx\/index.php?rest_route=\/wp\/v2\/posts\/36510\/revisions"}],"wp:featuredmedia":[{"embeddable":true,"href":"https:\/\/elinformante.mx\/index.php?rest_route=\/wp\/v2\/media\/36511"}],"wp:attachment":[{"href":"https:\/\/elinformante.mx\/index.php?rest_route=%2Fwp%2Fv2%2Fmedia&parent=36510"}],"wp:term":[{"taxonomy":"category","embeddable":true,"href":"https:\/\/elinformante.mx\/index.php?rest_route=%2Fwp%2Fv2%2Fcategories&post=36510"},{"taxonomy":"post_tag","embeddable":true,"href":"https:\/\/elinformante.mx\/index.php?rest_route=%2Fwp%2Fv2%2Ftags&post=36510"}],"curies":[{"name":"wp","href":"https:\/\/api.w.org\/{rel}","templated":true}]}}