{"id":36530,"date":"2023-09-19T15:16:11","date_gmt":"2023-09-19T15:16:11","guid":{"rendered":"https:\/\/elinformante.mx\/?p=36530"},"modified":"2023-09-19T15:16:12","modified_gmt":"2023-09-19T15:16:12","slug":"amlo-justifica-presencia-de-rusia-en-desfile-militar","status":"publish","type":"post","link":"https:\/\/elinformante.mx\/?p=36530","title":{"rendered":"AMLO justifica presencia de Rusia en Desfile Militar"},"content":{"rendered":"\n<blockquote class=\"wp-block-quote is-layout-flow wp-block-quote-is-layout-flow\">\n<p>Oksana Dramaretska, embajadora de Ucrania en M\u00e9xico, cuestion\u00f3 al Gobierno de M\u00e9xico por la participaci\u00f3n del regimiento ruso en el Desfile Militar.<\/p>\n<\/blockquote>\n\n\n\n<p>El presidente Andr\u00e9s Manuel L\u00f3pez Obrador dijo en su conferencia de este lunes 18 de septiembre que \u201cse invit\u00f3 a todos, tenemos relaciones con todo el mundo\u2019, en referencia a la participaci\u00f3n de un contingente ruso en el Desfile Militar<br><\/p>\n\n\n\n<p>Sin pregunta de por medio, el mandatario mexicano asegur\u00f3 que sus adversarios recurren a cualquier tema para hacer un \u201cesc\u00e1ndalo\u201d y record\u00f3 que militares rusos han participado en varios desfiles militares, incluso durante el sexenio de Felipe Calder\u00f3n Hinojosa.<br><\/p>\n\n\n\n<p>\u201cHicieron un esc\u00e1ndalo. Se invit\u00f3 a todos los gobierno con los que M\u00e9xico tiene relaciones, siempre se hace -lo hace la Secretar\u00eda de la Defensa- al grado de que el d\u00eda 15 vinieron comisiones y representaciones militares de muchos pa\u00edses del mundo, estuvo el comandante del comando norte de Estados Unidos y otros representantes militares\u201d, dijo AMLO en Palacio Nacional.<br><\/p>\n\n\n\n<p>\u201cNosotros tenemos relaciones con todos los pa\u00edses del mundo e invitamos a todos. Pero no es a partir que yo soy presidente, siempre se ha hecho; cuando estuvo Felipe Calder\u00f3n tambi\u00e9n march\u00f3 una delegaci\u00f3n rusa\u201d, sentenci\u00f3.<br><\/p>\n\n\n\n<p>A pesar de esto, Oksana Dramaretska, embajadora de Ucrania en M\u00e9xico, cuestion\u00f3 al Gobierno de M\u00e9xico por la participaci\u00f3n del regimiento ruso en el Desfile Militar y acus\u00f3 que los soldados de aquel pa\u00eds de tener las \u201cbotas y manos manchadas de sangre\u201d.<br><\/p>\n\n\n\n<p>En otro tema, el presidente L\u00f3pez Obrador asegur\u00f3 que Ovidio Guzm\u00e1n -hijo de \u2018El Chapo\u2019 Guzm\u00e1n- no busc\u00f3 ampararse para evitar ser extraditado a Estados Unidos, a pesar de que la defensa del narcotraficante present\u00f3 varios recursos jur\u00eddicos en marzo de este a\u00f1o para frenar su traslado a Estados Unidos.<br><\/p>\n\n\n\n<p>Asimismo, el mandatario mexicano dijo que su administraci\u00f3n acept\u00f3 extraditar a \u2018El Rat\u00f3n\u2019 para evitar alimentar el discurso antimexicano que se fomenta en Estados Unidos en \u00e9poca electoral.<br><\/p>\n\n\n\n<p>\u00a0\u201cTenemos un convenio de colaboraci\u00f3n para extraditar a presuntos delincuentes. Hizo el gobierno de Estados Unidos la solicitud al Gobierno de M\u00e9xico. (Ovidio) no realiz\u00f3 una solicitud de amparo y se procedi\u00f3 con la extradici\u00f3n\u201d, dijo AMLO.<br><\/p>\n\n\n\n<p>\u201cTambi\u00e9n es importante que no se d\u00e9 motivo a quienes utilizan el tema de narcotr\u00e1fico con prop\u00f3sitos politiqueros en Estados Unidos. No dar ning\u00fan pretexto, que no quede ninguna excusa; cuando se presentan estas solicitudes, se aplican y es lo que se hizo en este caso\u201d, a\u00f1adi\u00f3.<br><\/p>\n\n\n\n<p>El presidente Andr\u00e9s Manuel L\u00f3pez Obrador dijo que Estados Unidos asegur\u00f3 \u201cpor escrito\u201d que no tiene m\u00e1s grabaciones ni transcripciones que puedan aportar pruebas en la investigaci\u00f3n de la desaparici\u00f3n de los 43 estudiantes de Ayotzinapa.<br><\/p>\n\n\n\n<figure class=\"wp-block-image size-large\"><img fetchpriority=\"high\" decoding=\"async\" width=\"1024\" height=\"503\" src=\"https:\/\/elinformante.mx\/wp-content\/uploads\/2023\/09\/AMLO-2-1-1024x503.jpg\" alt=\"\" class=\"wp-image-36532\" srcset=\"https:\/\/elinformante.mx\/wp-content\/uploads\/2023\/09\/AMLO-2-1-1024x503.jpg 1024w, https:\/\/elinformante.mx\/wp-content\/uploads\/2023\/09\/AMLO-2-1-300x147.jpg 300w, https:\/\/elinformante.mx\/wp-content\/uploads\/2023\/09\/AMLO-2-1-768x377.jpg 768w, https:\/\/elinformante.mx\/wp-content\/uploads\/2023\/09\/AMLO-2-1-580x285.jpg 580w, https:\/\/elinformante.mx\/wp-content\/uploads\/2023\/09\/AMLO-2-1-860x422.jpg 860w, https:\/\/elinformante.mx\/wp-content\/uploads\/2023\/09\/AMLO-2-1.jpg 1140w\" sizes=\"(max-width: 1024px) 100vw, 1024px\" \/><\/figure>\n\n\n\n<p>Cuestionado sobre este tema, el mandatario mexicano dijo que se reunir\u00e1 con los padres de los normalistas esta semana para presentarles un informe de los avances de las investigaciones.<br><\/p>\n\n\n\n<p>El encuentro se realizar\u00e1 casi un a\u00f1o despu\u00e9s de su \u00faltima reuni\u00f3n, el 24 de octubre de 2022.<br><\/p>\n\n\n\n<p>\u201cYa tenemos toda la informaci\u00f3n, desde hace dos a\u00f1os le solicit\u00e9 a la vicepresidente de Estados Unidos, Kamala Harris, que nos enviar\u00e1n todas las grabaciones, esas conversaciones. Ya tenemos todas las grabaciones y est\u00e1n en mano de la Fiscal\u00eda que est\u00e1 haciendo la investigaci\u00f3n sobre la desaparici\u00f3n de los j\u00f3venes de Ayotzinapa. Incluso con fundamento en estas grabaciones, ya se han ordenado detenciones, hay \u00f3rdenes de aprehensi\u00f3n. Todo eso se va a informar en unos d\u00edas m\u00e1s\u201d, declar\u00f3.<br><\/p>\n\n\n\n<p>\u201cYo tengo una reuni\u00f3n esta semana con los padres de los j\u00f3venes desaparecidos de Ayotzinapa les vamos a informar, vamos a informarles de c\u00f3mo vamos en la investigaci\u00f3n, pero ya tenemos todo\u201d, afirm\u00f3.<br><\/p>\n\n\n\n<p>Sobre si las grabaciones se har\u00e1n p\u00fablicas, el jefe del Ejecutivo dijo que pedir\u00e1 permiso a los padres de los estudiantes para darlas a conocer, incluso antes de que lo haga el gobierno de Estados Unidos.<br><\/p>\n\n\n\n<p>Durante su primer fin de semana de operaciones, el Tren Interurbano \u2018El Insurgente\u2019 transport\u00f3 a 115 mil usuarios, inform\u00f3 Jorge Nu\u00f1o Lara, secretario de Infraestructura, Comunicaciones y Transportes.<br><\/p>\n\n\n\n<p>El primer tramo de este proyecto f\u00e9rreo fue inaugurado el viernes 15 de septiembre. El costo del viaje es de 15 pesos; sin embargo, durante septiembre el ingreso ser\u00e1 gratuito.<br><\/p>\n\n\n\n<p>De acuerdo al calendario presentado este lunes, el segundo tramo del Tren Interurbano -de Lerma a Metro Observatorio- se abrir\u00e1 al p\u00fablico en mayo de 2024.<br><\/p>\n\n\n\n<p>El Tren Trans\u00edstmico tendr\u00e1 conexi\u00f3n con el Tren Maya, confirm\u00f3 el almirante Rafael Ojeda Dur\u00e1n, titular de la Secretar\u00eda de la Mariana.<br><\/p>\n\n\n\n<p>De acuerdo con AMLO, el Tren Trans\u00edstmico iniciar\u00e1 operaciones en diciembre de 2024.<\/p>\n","protected":false},"excerpt":{"rendered":"<p>Oksana Dramaretska, embajadora de Ucrania en M\u00e9xico, cuestion\u00f3 al Gobierno de M\u00e9xico por la participaci\u00f3n del regimiento ruso en el Desfile Militar. El presidente Andr\u00e9s Manuel L\u00f3pez Obrador dijo en su conferencia de este lunes 18 de septiembre que \u201cse invit\u00f3 a todos, tenemos relaciones con todo el mundo\u2019, en referencia a la participaci\u00f3n de [&hellip;]<\/p>\n","protected":false},"author":1,"featured_media":36531,"comment_status":"closed","ping_status":"closed","sticky":false,"template":"","format":"standard","meta":{"footnotes":""},"categories":[34],"tags":[],"class_list":["post-36530","post","type-post","status-publish","format-standard","has-post-thumbnail","hentry","category-nacional"],"_links":{"self":[{"href":"https:\/\/elinformante.mx\/index.php?rest_route=\/wp\/v2\/posts\/36530","targetHints":{"allow":["GET"]}}],"collection":[{"href":"https:\/\/elinformante.mx\/index.php?rest_route=\/wp\/v2\/posts"}],"about":[{"href":"https:\/\/elinformante.mx\/index.php?rest_route=\/wp\/v2\/types\/post"}],"author":[{"embeddable":true,"href":"https:\/\/elinformante.mx\/index.php?rest_route=\/wp\/v2\/users\/1"}],"replies":[{"embeddable":true,"href":"https:\/\/elinformante.mx\/index.php?rest_route=%2Fwp%2Fv2%2Fcomments&post=36530"}],"version-history":[{"count":0,"href":"https:\/\/elinformante.mx\/index.php?rest_route=\/wp\/v2\/posts\/36530\/revisions"}],"wp:featuredmedia":[{"embeddable":true,"href":"https:\/\/elinformante.mx\/index.php?rest_route=\/wp\/v2\/media\/36531"}],"wp:attachment":[{"href":"https:\/\/elinformante.mx\/index.php?rest_route=%2Fwp%2Fv2%2Fmedia&parent=36530"}],"wp:term":[{"taxonomy":"category","embeddable":true,"href":"https:\/\/elinformante.mx\/index.php?rest_route=%2Fwp%2Fv2%2Fcategories&post=36530"},{"taxonomy":"post_tag","embeddable":true,"href":"https:\/\/elinformante.mx\/index.php?rest_route=%2Fwp%2Fv2%2Ftags&post=36530"}],"curies":[{"name":"wp","href":"https:\/\/api.w.org\/{rel}","templated":true}]}}