{"id":37489,"date":"2023-10-02T13:54:07","date_gmt":"2023-10-02T13:54:07","guid":{"rendered":"https:\/\/elinformante.mx\/?p=37489"},"modified":"2023-10-02T13:54:09","modified_gmt":"2023-10-02T13:54:09","slug":"the-exorcist-believer-adelanta-su-estreno-en-mexico","status":"publish","type":"post","link":"https:\/\/elinformante.mx\/?p=37489","title":{"rendered":"\u201cThe Exorcist: Believer\u201d adelanta su estreno en M\u00e9xico"},"content":{"rendered":"\n<blockquote class=\"wp-block-quote is-layout-flow wp-block-quote-is-layout-flow\">\n<p class=\"wp-block-paragraph\">\u201cBeliever\u201d es la primera de una trilog\u00eda que se tiene contemplada tanto para ser una secuela directa de la primera The Exorcist.<\/p>\n<\/blockquote>\n\n\n\n<p class=\"wp-block-paragraph\">A unos d\u00edas de que \u201cThe Exorcist: Believer\u201d decidiera adelantar su estreno para no competir con el documental \u201cThe Eras Tour\u201d de Taylor Swift, se lanz\u00f3 un nuevo tr\u00e1iler y con ello se confirm\u00f3 que su distribuci\u00f3n en M\u00e9xico y Latinoam\u00e9rica tambi\u00e9n movi\u00f3 su fecha, siendo para el pr\u00f3ximo 5 de octubre.<br><\/p>\n\n\n\n<p class=\"wp-block-paragraph\">La nueva cinta de la franquicia de The Exorcist, que ser\u00e1 una secuela directa de la original de 1973, en su nuevo tr\u00e1iler presenta a Chris MacNeil (Ellen Burstyn) estando frente a una de las ni\u00f1as que estar\u00e1n pose\u00eddas, quien le pregunta si busca Regan MacNeil (Linda Blair).<br><\/p>\n\n\n\n<p class=\"wp-block-paragraph\">\u201cRegan se fue\u201d, grita la ni\u00f1a posesa.<br><\/p>\n\n\n\n<p class=\"wp-block-paragraph\">Posteriormente, el avance muestra diferentes secuencias de las dos ni\u00f1as pose\u00eddas y como van empeorando en su estado de salud y manifestando que en ellas hay una presencia maligna habitando dentro de ellas.<br><\/p>\n\n\n\n<p class=\"wp-block-paragraph\">\u201cBeliever\u201d es la primera de una trilog\u00eda que se tiene contemplada tanto para ser una secuela directa de la primera The Exorcist.<br><\/p>\n\n\n\n<p class=\"wp-block-paragraph\">El reparto est\u00e1 conformado por Leslie Odom, Jr., Ann Dowd, Jennifer Nettles, Norbert Leo Butz, Lidya Jewett, Olivia O\u2019Neill y Ellen Burstyn, todo bajo la direcci\u00f3n de David Gordon Green, director de la nueva trilog\u00eda de Halloween.<\/p>\n","protected":false},"excerpt":{"rendered":"<p>\u201cBeliever\u201d es la primera de una trilog\u00eda que se tiene contemplada tanto para ser una secuela directa de la primera The Exorcist. A unos d\u00edas de que \u201cThe Exorcist: Believer\u201d decidiera adelantar su estreno para no competir con el documental \u201cThe Eras Tour\u201d de Taylor Swift, se lanz\u00f3 un nuevo tr\u00e1iler y con ello se [&hellip;]<\/p>\n","protected":false},"author":1,"featured_media":37490,"comment_status":"closed","ping_status":"closed","sticky":false,"template":"","format":"standard","meta":{"footnotes":""},"categories":[30,39],"tags":[],"class_list":["post-37489","post","type-post","status-publish","format-standard","has-post-thumbnail","hentry","category-destacado","category-espectaculos"],"_links":{"self":[{"href":"https:\/\/elinformante.mx\/index.php?rest_route=\/wp\/v2\/posts\/37489","targetHints":{"allow":["GET"]}}],"collection":[{"href":"https:\/\/elinformante.mx\/index.php?rest_route=\/wp\/v2\/posts"}],"about":[{"href":"https:\/\/elinformante.mx\/index.php?rest_route=\/wp\/v2\/types\/post"}],"author":[{"embeddable":true,"href":"https:\/\/elinformante.mx\/index.php?rest_route=\/wp\/v2\/users\/1"}],"replies":[{"embeddable":true,"href":"https:\/\/elinformante.mx\/index.php?rest_route=%2Fwp%2Fv2%2Fcomments&post=37489"}],"version-history":[{"count":0,"href":"https:\/\/elinformante.mx\/index.php?rest_route=\/wp\/v2\/posts\/37489\/revisions"}],"wp:featuredmedia":[{"embeddable":true,"href":"https:\/\/elinformante.mx\/index.php?rest_route=\/wp\/v2\/media\/37490"}],"wp:attachment":[{"href":"https:\/\/elinformante.mx\/index.php?rest_route=%2Fwp%2Fv2%2Fmedia&parent=37489"}],"wp:term":[{"taxonomy":"category","embeddable":true,"href":"https:\/\/elinformante.mx\/index.php?rest_route=%2Fwp%2Fv2%2Fcategories&post=37489"},{"taxonomy":"post_tag","embeddable":true,"href":"https:\/\/elinformante.mx\/index.php?rest_route=%2Fwp%2Fv2%2Ftags&post=37489"}],"curies":[{"name":"wp","href":"https:\/\/api.w.org\/{rel}","templated":true}]}}