{"id":37525,"date":"2023-10-02T14:54:03","date_gmt":"2023-10-02T14:54:03","guid":{"rendered":"https:\/\/elinformante.mx\/?p=37525"},"modified":"2023-10-02T14:54:12","modified_gmt":"2023-10-02T14:54:12","slug":"el-problema-de-mexico-no-era-el-presupuesto-era-la-corrupcion-amlo","status":"publish","type":"post","link":"https:\/\/elinformante.mx\/?p=37525","title":{"rendered":"EL PROBLEMA DE M\u00c9XICO NO ERA EL PRESUPUESTO; ERA LA CORRUPCI\u00d3N: AMLO"},"content":{"rendered":"\n<blockquote class=\"wp-block-quote is-layout-flow wp-block-quote-is-layout-flow\">\n<p class=\"wp-block-paragraph\">Asegura el Presidente -en Chalco- que la inversi\u00f3n p\u00fablica y programas para el Bienestar impulsan la estabilidad del pa\u00eds.<\/p>\n<\/blockquote>\n\n\n\n<p class=\"wp-block-paragraph\">La inversi\u00f3n p\u00fablica y los Programas para el Bienestar impulsan la estabilidad econ\u00f3mica y social del pa\u00eds, asegur\u00f3 el presidente Andr\u00e9s Manuel L\u00f3pez Obrador en el tercer d\u00eda de gira de trabajo en el Estado de M\u00e9xico.<br><\/p>\n\n\n\n<p class=\"wp-block-paragraph\">\u201cNuestro pa\u00eds afortunadamente ya est\u00e1 encaminado a crecer en lo econ\u00f3mico porque hemos logrado cosas importantes. Por ejemplo, de todo lo ahorrado, estamos destinando mucho a la inversi\u00f3n p\u00fablica, a la industria de la construcci\u00f3n, a hacer aeropuertos, trenes, trolebuses, a hacer escuelas, hospitales, al grado de que M\u00e9xico hoy es de los pa\u00edses con menos desempleo en el mundo\u201d, apunt\u00f3.<br><\/p>\n\n\n\n<p class=\"wp-block-paragraph\">\u201cVa a continuar esta pol\u00edtica de seguir invirtiendo en infraestructura y obras p\u00fablicas porque tiene un efecto multiplicador; se hacen las obras que se necesitan, se genera empleo y se reactiva la econom\u00eda\u201d, agreg\u00f3 en el municipio de Chalco.<br><\/p>\n\n\n\n<p class=\"wp-block-paragraph\">En cuanto a los Programas para el Bienestar, mencion\u00f3 que estas iniciativas fortalecen el mercado interno y, al mismo tiempo, abonan a la paz y la tranquilidad al atender prioritariamente a los j\u00f3venes. Al respecto, dio a conocer que en el municipio las iniciativas benefician a:<br><\/p>\n\n\n\n<figure class=\"wp-block-image size-large\"><img fetchpriority=\"high\" decoding=\"async\" width=\"1024\" height=\"503\" src=\"https:\/\/elinformante.mx\/wp-content\/uploads\/2023\/10\/EL-PROBLEMA-2-2-1024x503.jpg\" alt=\"\" class=\"wp-image-37528\" srcset=\"https:\/\/elinformante.mx\/wp-content\/uploads\/2023\/10\/EL-PROBLEMA-2-2-1024x503.jpg 1024w, https:\/\/elinformante.mx\/wp-content\/uploads\/2023\/10\/EL-PROBLEMA-2-2-300x147.jpg 300w, https:\/\/elinformante.mx\/wp-content\/uploads\/2023\/10\/EL-PROBLEMA-2-2-768x377.jpg 768w, https:\/\/elinformante.mx\/wp-content\/uploads\/2023\/10\/EL-PROBLEMA-2-2-580x285.jpg 580w, https:\/\/elinformante.mx\/wp-content\/uploads\/2023\/10\/EL-PROBLEMA-2-2-860x422.jpg 860w, https:\/\/elinformante.mx\/wp-content\/uploads\/2023\/10\/EL-PROBLEMA-2-2.jpg 1140w\" sizes=\"(max-width: 1024px) 100vw, 1024px\" \/><\/figure>\n\n\n\n<p class=\"wp-block-paragraph\">552 mujeres y hombres de 18 a 29 a\u00f1os incorporados a J\u00f3venes Construyendo el Futuro.<br><\/p>\n\n\n\n<p class=\"wp-block-paragraph\">15 mil 120 estudiantes del nivel medio superior y 8 mil 173 de educaci\u00f3n b\u00e1sica acceden a becas. En preescolar, primaria y secundaria se duplicar\u00e1 el n\u00famero de beneficiarios de manera inmediata.<br><\/p>\n\n\n\n<p class=\"wp-block-paragraph\">204 instituciones educativas de nivel b\u00e1sico perciben presupuesto de La Escuela es Nuestra.<br><\/p>\n\n\n\n<p class=\"wp-block-paragraph\">21 mil 751 personas adultas mayores reciben pensi\u00f3n; en 2024 el monto aumentar\u00e1 25 por ciento.<br><\/p>\n\n\n\n<p class=\"wp-block-paragraph\">En tanto, dijo, la Pensi\u00f3n para el Bienestar de las Personas con Discapacidad ser\u00e1 un derecho universal en el estado. De esta manera, acceder\u00e1n ni\u00f1as, ni\u00f1os, adolescentes y ahora adultos de 30 a 64 a\u00f1os.<br><\/p>\n\n\n\n<figure class=\"wp-block-image size-large\"><img decoding=\"async\" width=\"1024\" height=\"503\" src=\"https:\/\/elinformante.mx\/wp-content\/uploads\/2023\/10\/EL-PROBLEMA-4-1024x503.jpg\" alt=\"\" class=\"wp-image-37529\" srcset=\"https:\/\/elinformante.mx\/wp-content\/uploads\/2023\/10\/EL-PROBLEMA-4-1024x503.jpg 1024w, https:\/\/elinformante.mx\/wp-content\/uploads\/2023\/10\/EL-PROBLEMA-4-300x147.jpg 300w, https:\/\/elinformante.mx\/wp-content\/uploads\/2023\/10\/EL-PROBLEMA-4-768x377.jpg 768w, https:\/\/elinformante.mx\/wp-content\/uploads\/2023\/10\/EL-PROBLEMA-4-580x285.jpg 580w, https:\/\/elinformante.mx\/wp-content\/uploads\/2023\/10\/EL-PROBLEMA-4-860x422.jpg 860w, https:\/\/elinformante.mx\/wp-content\/uploads\/2023\/10\/EL-PROBLEMA-4.jpg 1140w\" sizes=\"(max-width: 1024px) 100vw, 1024px\" \/><\/figure>\n\n\n\n<p class=\"wp-block-paragraph\">\u201cSi hay buenos ingresos para el pueblo, si aumenta el salario, si se atiende a los j\u00f3venes, si hay bienestar, tiene que haber paz y tiene que haber tranquilidad, no querer resolver todo s\u00f3lo con la mano dura, con el uso de la fuerza. No, los problemas que se originan por falta de oportunidad se tienen que resolver de otra manera\u201d, expres\u00f3.<br><\/p>\n\n\n\n<p class=\"wp-block-paragraph\">En el Deportivo Solidaridad Chalco, el mandatario enfatiz\u00f3 que los Programas para el Bienestar son resultado de los ahorros obtenidos por no permitir la corrupci\u00f3n.<br><\/p>\n\n\n\n<p class=\"wp-block-paragraph\">\u201cEl problema de M\u00e9xico no era el presupuesto, era la corrupci\u00f3n. Al momento que se le cerr\u00f3 la llave a la corrupci\u00f3n, se tiene presupuesto suficiente para atender las necesidades de nuestro pueblo, sin necesidad de endeudar al pa\u00eds, sin necesidad de aumentar impuestos, sin gasolinazos, alcanza el presupuesto\u201d, detall\u00f3.<br><\/p>\n\n\n\n<p class=\"wp-block-paragraph\">Sobre la inversi\u00f3n extranjera, el jefe del Ejecutivo precis\u00f3 que el pa\u00eds es el principal socio comercial de Estados Unidos debido al constante traslado de empresas de Asia hacia territorio nacional, por lo que la mano de obra y el talento de los j\u00f3venes ser\u00e1n necesarios.<br><\/p>\n\n\n\n<p class=\"wp-block-paragraph\">\u201cYa M\u00e9xico es el principal socio econ\u00f3mico de Estados Unidos y esto va a continuar a mediano y largo plazo, entonces \u00bfqu\u00e9 es lo que se va a requerir? Mucha mano de obra, fuerza de trabajo calificada, por eso necesitamos impulsar mucho la educaci\u00f3n\u201d, afirm\u00f3.<br><\/p>\n\n\n\n<figure class=\"wp-block-image size-large\"><img decoding=\"async\" width=\"1024\" height=\"503\" src=\"https:\/\/elinformante.mx\/wp-content\/uploads\/2023\/10\/EL-PROBLEMA-5-1024x503.jpg\" alt=\"\" class=\"wp-image-37530\" srcset=\"https:\/\/elinformante.mx\/wp-content\/uploads\/2023\/10\/EL-PROBLEMA-5-1024x503.jpg 1024w, https:\/\/elinformante.mx\/wp-content\/uploads\/2023\/10\/EL-PROBLEMA-5-300x147.jpg 300w, https:\/\/elinformante.mx\/wp-content\/uploads\/2023\/10\/EL-PROBLEMA-5-768x377.jpg 768w, https:\/\/elinformante.mx\/wp-content\/uploads\/2023\/10\/EL-PROBLEMA-5-580x285.jpg 580w, https:\/\/elinformante.mx\/wp-content\/uploads\/2023\/10\/EL-PROBLEMA-5-860x422.jpg 860w, https:\/\/elinformante.mx\/wp-content\/uploads\/2023\/10\/EL-PROBLEMA-5.jpg 1140w\" sizes=\"(max-width: 1024px) 100vw, 1024px\" \/><\/figure>\n\n\n\n<p class=\"wp-block-paragraph\">\u201cQue los j\u00f3venes puedan estudiar carreras t\u00e9cnicas y carreras humanistas que terminen la universidad, que terminen el nivel superior porque van a tener muchas oportunidades de trabajo y entre m\u00e1s estudios tengan, entre m\u00e1s calificados est\u00e9n, m\u00e1s oportunidades van a tener de obtener trabajo y mejores ingresos, eso es garantizarles el futuro a las nuevas generaciones\u201d, a\u00f1adi\u00f3.<br><\/p>\n\n\n\n<p class=\"wp-block-paragraph\">El secretario del Trabajo y Previsi\u00f3n Social, Marath Bola\u00f1os L\u00f3pez, explic\u00f3 que, al garantizar el derecho de las y los j\u00f3venes al trabajo, se ha contribuido a la cifra hist\u00f3rica de registros formales ante el Instituto Mexicano del Seguro Social, alcanzando a la fecha m\u00e1s de 22 millones de inscritos con un salario promedio de 16 mil 287 pesos.<br><\/p>\n\n\n\n<p class=\"wp-block-paragraph\">Simult\u00e1neamente, el programa J\u00f3venes Construyendo el Futuro beneficia a 2 millones 722 mil hombres y mujeres que reciben una capacitaci\u00f3n gratuita en empresas y talleres con un apoyo econ\u00f3mico mensual equivalente a un salario m\u00ednimo de 6 mil 310 pesos. La meta ser\u00e1 alcanzar 3 millones de registros, pronostic\u00f3.<br><\/p>\n\n\n\n<p class=\"wp-block-paragraph\">Asistieron al evento: la gobernadora del Estado de M\u00e9xico, Delfina G\u00f3mez \u00c1lvarez; las secretarias de Bienestar, Ariadna Montiel Reyes, y de Educaci\u00f3n P\u00fablica, Leticia Ram\u00edrez Amaya; el secretario t\u00e9cnico del Gabinete de la Presidencia y coordinador general de Programas para el Bienestar, Carlos Torres Rosas y las subsecretarias de Bienestar, Mar\u00eda del Roc\u00edo Garc\u00eda P\u00e9rez; de Empleo y Productividad Laboral de la Secretar\u00eda del Trabajo y Previsi\u00f3n Social, Quiahuitl Ch\u00e1vez Dom\u00ednguez, y de Ordenamiento Territorial y Agrario de la Secretar\u00eda de Desarrollo Agrario, Territorial y Urbano, responsable del programa de Vivienda, Edna Elena Vega Rangel.<br><\/p>\n\n\n\n<p class=\"wp-block-paragraph\">Adem\u00e1s, los subsecretarios de Egresos de la Secretar\u00eda de Hacienda y Cr\u00e9dito P\u00fablico, Juan Pablo de Botton Falc\u00f3n, y de Autosuficiencia Alimentaria de la Secretar\u00eda de Agricultura y Desarrollo Rural, responsable del programa Producci\u00f3n para el Bienestar, V\u00edctor Su\u00e1rez Carrera; los directores generales del Banco del Bienestar, V\u00edctor Manuel Lamoyi Bocanegra; de Seguridad Alimentaria Mexicana, Leonel Efra\u00edn Cota Monta\u00f1o; del Organismo P\u00fablico Descentralizado Servicios de Salud del Instituto Mexicano del Seguro Social IMSS Bienestar, Alejandro Calder\u00f3n Alipi, y de Ingenieros de la Secretar\u00eda de la Defensa Nacional, Salvador Fernando Cervantes Loza; el coordinador general de Comunicaci\u00f3n Social y vocero del Gobierno de la Rep\u00fablica, Jes\u00fas Ram\u00edrez Cuevas; el coordinador nacional de Becas para el Bienestar Benito Ju\u00e1rez, Abraham V\u00e1zquez Piceno; las directoras generales de La Escuela es Nuestra, Pamela L\u00f3pez Ruiz, y de Financiera para el Bienestar, Mar\u00eda del Roc\u00edo Mej\u00eda Flores, as\u00ed como el presidente municipal de Chalco, Jos\u00e9 Miguel Guti\u00e9rrez Morales.<\/p>\n\n\n\n<figure class=\"wp-block-image size-large\"><img loading=\"lazy\" decoding=\"async\" width=\"1024\" height=\"503\" src=\"https:\/\/elinformante.mx\/wp-content\/uploads\/2023\/10\/EL-PROBLEMA-1024x503.jpg\" alt=\"\" class=\"wp-image-37531\" srcset=\"https:\/\/elinformante.mx\/wp-content\/uploads\/2023\/10\/EL-PROBLEMA-1024x503.jpg 1024w, https:\/\/elinformante.mx\/wp-content\/uploads\/2023\/10\/EL-PROBLEMA-300x147.jpg 300w, https:\/\/elinformante.mx\/wp-content\/uploads\/2023\/10\/EL-PROBLEMA-768x377.jpg 768w, https:\/\/elinformante.mx\/wp-content\/uploads\/2023\/10\/EL-PROBLEMA-580x285.jpg 580w, https:\/\/elinformante.mx\/wp-content\/uploads\/2023\/10\/EL-PROBLEMA-860x422.jpg 860w, https:\/\/elinformante.mx\/wp-content\/uploads\/2023\/10\/EL-PROBLEMA.jpg 1140w\" sizes=\"(max-width: 1024px) 100vw, 1024px\" \/><\/figure>\n","protected":false},"excerpt":{"rendered":"<p>Asegura el Presidente -en Chalco- que la inversi\u00f3n p\u00fablica y programas para el Bienestar impulsan la estabilidad del pa\u00eds. La inversi\u00f3n p\u00fablica y los Programas para el Bienestar impulsan la estabilidad econ\u00f3mica y social del pa\u00eds, asegur\u00f3 el presidente Andr\u00e9s Manuel L\u00f3pez Obrador en el tercer d\u00eda de gira de trabajo en el Estado de [&hellip;]<\/p>\n","protected":false},"author":1,"featured_media":37527,"comment_status":"closed","ping_status":"closed","sticky":false,"template":"","format":"standard","meta":{"footnotes":""},"categories":[30,31],"tags":[],"class_list":["post-37525","post","type-post","status-publish","format-standard","has-post-thumbnail","hentry","category-destacado","category-portada"],"_links":{"self":[{"href":"https:\/\/elinformante.mx\/index.php?rest_route=\/wp\/v2\/posts\/37525","targetHints":{"allow":["GET"]}}],"collection":[{"href":"https:\/\/elinformante.mx\/index.php?rest_route=\/wp\/v2\/posts"}],"about":[{"href":"https:\/\/elinformante.mx\/index.php?rest_route=\/wp\/v2\/types\/post"}],"author":[{"embeddable":true,"href":"https:\/\/elinformante.mx\/index.php?rest_route=\/wp\/v2\/users\/1"}],"replies":[{"embeddable":true,"href":"https:\/\/elinformante.mx\/index.php?rest_route=%2Fwp%2Fv2%2Fcomments&post=37525"}],"version-history":[{"count":0,"href":"https:\/\/elinformante.mx\/index.php?rest_route=\/wp\/v2\/posts\/37525\/revisions"}],"wp:featuredmedia":[{"embeddable":true,"href":"https:\/\/elinformante.mx\/index.php?rest_route=\/wp\/v2\/media\/37527"}],"wp:attachment":[{"href":"https:\/\/elinformante.mx\/index.php?rest_route=%2Fwp%2Fv2%2Fmedia&parent=37525"}],"wp:term":[{"taxonomy":"category","embeddable":true,"href":"https:\/\/elinformante.mx\/index.php?rest_route=%2Fwp%2Fv2%2Fcategories&post=37525"},{"taxonomy":"post_tag","embeddable":true,"href":"https:\/\/elinformante.mx\/index.php?rest_route=%2Fwp%2Fv2%2Ftags&post=37525"}],"curies":[{"name":"wp","href":"https:\/\/api.w.org\/{rel}","templated":true}]}}