{"id":37557,"date":"2023-10-02T15:46:32","date_gmt":"2023-10-02T15:46:32","guid":{"rendered":"https:\/\/elinformante.mx\/?p=37557"},"modified":"2023-10-02T15:46:33","modified_gmt":"2023-10-02T15:46:33","slug":"conmemoran-el-71-aniversario-de-la-fundacion-del-smsem","status":"publish","type":"post","link":"https:\/\/elinformante.mx\/?p=37557","title":{"rendered":"Conmemoran el 71 Aniversario de la fundaci\u00f3n del SMSEM"},"content":{"rendered":"\n<blockquote class=\"wp-block-quote is-layout-flow wp-block-quote-is-layout-flow\">\n<p class=\"wp-block-paragraph\">El evento cont\u00f3 con la presencia de destacados l\u00edderes sindicales y del gobierno, destacando el compromiso con la educaci\u00f3n y el bienestar de los maestros en la entidad.<\/p>\n<\/blockquote>\n\n\n\n<p class=\"wp-block-paragraph\">El Sindicato de Maestros al Servicio del Estado de M\u00e9xico (SMSEM) conmemor\u00f3 el 71 aniversario de su fundaci\u00f3n en una solemne ceremonia que reuni\u00f3 al Comit\u00e9 Ejecutivo, Delegados Sindicales y exl\u00edderes de la organizaci\u00f3n en la nueva Plaza de la Unidad Sindical, un espacio inaugurado recientemente que rinde homenaje a la labor incansable de los maestros del Estado de M\u00e9xico.<br><\/p>\n\n\n\n<p class=\"wp-block-paragraph\">El emotivo evento fue presidido por el Secretario General del SMSEM, Marco Aurelio Carbajal Leyva, y cont\u00f3 con la presencia del Secretario de Educaci\u00f3n, Ciencia, Tecnolog\u00eda e Innovaci\u00f3n, Miguel \u00c1ngel Hern\u00e1ndez Espejel. Juntos, encabezaron una Guardia de Honor al pie del Monumento al Maestro, en lo que fue el primer acto sindical que cont\u00f3 con representaci\u00f3n del Gobierno encabezado por la maestra Delfina G\u00f3mez \u00c1lvarez.<br><\/p>\n\n\n\n<p class=\"wp-block-paragraph\">Cabe recordar que tanto el titular de la Secretar\u00eda de Educaci\u00f3n como la Gobernadora, emanaron de las filas del SMSEM.<br><\/p>\n\n\n\n<figure class=\"wp-block-image size-large\"><img fetchpriority=\"high\" decoding=\"async\" width=\"1024\" height=\"503\" src=\"https:\/\/elinformante.mx\/wp-content\/uploads\/2023\/10\/CONMEMORAN-2-1024x503.jpg\" alt=\"\" class=\"wp-image-37559\" srcset=\"https:\/\/elinformante.mx\/wp-content\/uploads\/2023\/10\/CONMEMORAN-2-1024x503.jpg 1024w, https:\/\/elinformante.mx\/wp-content\/uploads\/2023\/10\/CONMEMORAN-2-300x147.jpg 300w, https:\/\/elinformante.mx\/wp-content\/uploads\/2023\/10\/CONMEMORAN-2-768x377.jpg 768w, https:\/\/elinformante.mx\/wp-content\/uploads\/2023\/10\/CONMEMORAN-2-580x285.jpg 580w, https:\/\/elinformante.mx\/wp-content\/uploads\/2023\/10\/CONMEMORAN-2-860x422.jpg 860w, https:\/\/elinformante.mx\/wp-content\/uploads\/2023\/10\/CONMEMORAN-2.jpg 1140w\" sizes=\"(max-width: 1024px) 100vw, 1024px\" \/><\/figure>\n\n\n\n<p class=\"wp-block-paragraph\">Durante la ceremonia conmemorativa, el Secretario General Marco Aurelio Carbajal Leyva expres\u00f3 su profundo respeto y agradecimiento a los miles de maestros que han sido parte del SMSEM a lo largo de su historia. Subray\u00f3 la importancia de la labor docente y reafirm\u00f3 el compromiso del sindicato de continuar trabajando incansablemente por el bienestar de los maestros y la calidad educativa en la entidad.<br><\/p>\n\n\n\n<p class=\"wp-block-paragraph\">En su mensaje, el l\u00edder del Magisterio Estatal reiter\u00f3 la necesidad de continuar con el proceso de reformas a los estatutos y reglamentos que rigen a la organizaci\u00f3n sindical, destacando el trabajo emprendido por su dirigencia en este sentido.<br><\/p>\n\n\n\n<p class=\"wp-block-paragraph\">\u201cSi hoy fuera la fecha de desarrollo del vig\u00e9simo quinto Congreso Estatal Ordinario, a celebrarse en octubre de 2024, y no hubi\u00e9ramos realizado nuestra actualizaci\u00f3n estatutaria y reglamentaria, en este comit\u00e9 nos retirar\u00edamos convencidos de que hicimos nuestro m\u00e1ximo esfuerzo y con la tranquilidad de que advertimos, a todo el magisterio aglutinado en el SMSEM, de los grandes riesgos que se corren al permanecer anclados en el pret\u00e9rito\u201d.<br><\/p>\n\n\n\n<p class=\"wp-block-paragraph\">Por su parte, el Secretario de Educaci\u00f3n hizo extensivo el saludo y felicitaci\u00f3n de la Gobernadora Delfina G\u00f3mez y reconoci\u00f3 el papel del SMSEM como un aliado estrat\u00e9gico en la mejora de la educaci\u00f3n y la construcci\u00f3n de una entidad m\u00e1s justa, pr\u00f3spera e incluyente. Adem\u00e1s, reafirm\u00f3 el compromiso del Gobierno estatal con la dignificaci\u00f3n y revalorizaci\u00f3n del magisterio.<\/p>\n","protected":false},"excerpt":{"rendered":"<p>El evento cont\u00f3 con la presencia de destacados l\u00edderes sindicales y del gobierno, destacando el compromiso con la educaci\u00f3n y el bienestar de los maestros en la entidad. El Sindicato de Maestros al Servicio del Estado de M\u00e9xico (SMSEM) conmemor\u00f3 el 71 aniversario de su fundaci\u00f3n en una solemne ceremonia que reuni\u00f3 al Comit\u00e9 Ejecutivo, [&hellip;]<\/p>\n","protected":false},"author":1,"featured_media":37558,"comment_status":"closed","ping_status":"closed","sticky":false,"template":"","format":"standard","meta":{"footnotes":""},"categories":[36],"tags":[],"class_list":["post-37557","post","type-post","status-publish","format-standard","has-post-thumbnail","hentry","category-edomex"],"_links":{"self":[{"href":"https:\/\/elinformante.mx\/index.php?rest_route=\/wp\/v2\/posts\/37557","targetHints":{"allow":["GET"]}}],"collection":[{"href":"https:\/\/elinformante.mx\/index.php?rest_route=\/wp\/v2\/posts"}],"about":[{"href":"https:\/\/elinformante.mx\/index.php?rest_route=\/wp\/v2\/types\/post"}],"author":[{"embeddable":true,"href":"https:\/\/elinformante.mx\/index.php?rest_route=\/wp\/v2\/users\/1"}],"replies":[{"embeddable":true,"href":"https:\/\/elinformante.mx\/index.php?rest_route=%2Fwp%2Fv2%2Fcomments&post=37557"}],"version-history":[{"count":0,"href":"https:\/\/elinformante.mx\/index.php?rest_route=\/wp\/v2\/posts\/37557\/revisions"}],"wp:featuredmedia":[{"embeddable":true,"href":"https:\/\/elinformante.mx\/index.php?rest_route=\/wp\/v2\/media\/37558"}],"wp:attachment":[{"href":"https:\/\/elinformante.mx\/index.php?rest_route=%2Fwp%2Fv2%2Fmedia&parent=37557"}],"wp:term":[{"taxonomy":"category","embeddable":true,"href":"https:\/\/elinformante.mx\/index.php?rest_route=%2Fwp%2Fv2%2Fcategories&post=37557"},{"taxonomy":"post_tag","embeddable":true,"href":"https:\/\/elinformante.mx\/index.php?rest_route=%2Fwp%2Fv2%2Ftags&post=37557"}],"curies":[{"name":"wp","href":"https:\/\/api.w.org\/{rel}","templated":true}]}}