{"id":37706,"date":"2023-10-04T13:33:02","date_gmt":"2023-10-04T13:33:02","guid":{"rendered":"https:\/\/elinformante.mx\/?p=37706"},"modified":"2023-10-05T05:39:34","modified_gmt":"2023-10-05T05:39:34","slug":"iniciara-en-san-mateo-atenco-rehabilitacion-en-el-andador-san-miguel","status":"publish","type":"post","link":"https:\/\/elinformante.mx\/?p=37706","title":{"rendered":"Iniciar\u00e1 en San Mateo Atenco rehabilitaci\u00f3n en el Andador San Miguel"},"content":{"rendered":"\n<blockquote class=\"wp-block-quote is-layout-flow wp-block-quote-is-layout-flow\">\n<p>Ana Mu\u00f1iz Neyra recorri\u00f3 junto a los vecinos el andador para detectar los problemas que presenta.<\/p>\n<\/blockquote>\n\n\n\n<p>En un acto que demuestra su compromiso con la comunidad, la presidenta municipal de San Mateo Atenco, Ana Mu\u00f1iz Neyra, visit\u00f3 a los vecinos y locatarios del andador San Miguel para anunciar la pr\u00f3xima obra de rehabilitaci\u00f3n que transformar\u00e1 significativamente este importante espacio urbano.<br><\/p>\n\n\n\n<p>Ana Mu\u00f1iz Neyra, quien asumi\u00f3 la alcald\u00eda con un firme compromiso de mejorar la calidad de vida de los habitantes de San Mateo Atenco, anuncio la puesta en marcha de la rehabilitaci\u00f3n del andador San Miguel. Durante su visita, la mandataria municipal pudo saludar a los residentes y comerciantes locales, compartiendo con ellos los detalles de esta iniciativa que busca reforzar la seguridad y revitalizar esta v\u00eda peatonal fundamental en la vida cotidiana de la comunidad.<br><\/p>\n\n\n\n<figure class=\"wp-block-image size-large\"><img fetchpriority=\"high\" decoding=\"async\" width=\"1024\" height=\"503\" src=\"https:\/\/elinformante.mx\/wp-content\/uploads\/2023\/10\/iniciara-2-1024x503.jpg\" alt=\"\" class=\"wp-image-37708\" srcset=\"https:\/\/elinformante.mx\/wp-content\/uploads\/2023\/10\/iniciara-2-1024x503.jpg 1024w, https:\/\/elinformante.mx\/wp-content\/uploads\/2023\/10\/iniciara-2-300x147.jpg 300w, https:\/\/elinformante.mx\/wp-content\/uploads\/2023\/10\/iniciara-2-768x377.jpg 768w, https:\/\/elinformante.mx\/wp-content\/uploads\/2023\/10\/iniciara-2-580x285.jpg 580w, https:\/\/elinformante.mx\/wp-content\/uploads\/2023\/10\/iniciara-2-860x422.jpg 860w, https:\/\/elinformante.mx\/wp-content\/uploads\/2023\/10\/iniciara-2.jpg 1140w\" sizes=\"(max-width: 1024px) 100vw, 1024px\" \/><\/figure>\n\n\n\n<p>Uno de los aspectos clave de esta obra ser\u00e1 la reparaci\u00f3n y modernizaci\u00f3n de las luminarias que se encuentran en mal estado, garantizando as\u00ed una mayor visibilidad y seguridad para quienes transitan por el andador, tanto de d\u00eda como de noche. La presidenta tambi\u00e9n anunci\u00f3 que se liberar\u00e1 el paso y se embellecer\u00e1 a\u00fan m\u00e1s el lugar, asegurando que todas las personas puedan transitar con total seguridad en cualquier momento del d\u00eda.<br><\/p>\n\n\n\n<p>Esta obra se suma a una serie de iniciativas que Ana Mu\u00f1iz Neyra ha venido llevando a cabo en San Mateo Atenco, demostrando su compromiso inquebrantable con el bienestar de la comunidad. Su enfoque en la mejora de los espacios p\u00fablicos y la promoci\u00f3n de la seguridad refuerza su visi\u00f3n de un municipio pr\u00f3spero y seguro para todos sus habitantes.<br><\/p>\n\n\n\n<p>Los vecinos del andador San Miguel celebraron con entusiasmo esta noticia, esperando con ansias el inicio de las obras que sin duda transformar\u00e1n positivamente su entorno y mejorar\u00e1n su calidad de vida. Con este importante paso, Ana Mu\u00f1iz Neyra demuestra una vez m\u00e1s que est\u00e1 comprometida con cumplir sus promesas de campa\u00f1a y trabajar incansablemente para el beneficio de San Mateo Atenco y sus habitantes.<\/p>\n","protected":false},"excerpt":{"rendered":"<p>Ana Mu\u00f1iz Neyra recorri\u00f3 junto a los vecinos el andador para detectar los problemas que presenta. En un acto que demuestra su compromiso con la comunidad, la presidenta municipal de San Mateo Atenco, Ana Mu\u00f1iz Neyra, visit\u00f3 a los vecinos y locatarios del andador San Miguel para anunciar la pr\u00f3xima obra de rehabilitaci\u00f3n que transformar\u00e1 [&hellip;]<\/p>\n","protected":false},"author":1,"featured_media":37707,"comment_status":"closed","ping_status":"closed","sticky":false,"template":"","format":"standard","meta":{"footnotes":""},"categories":[30,36],"tags":[],"class_list":["post-37706","post","type-post","status-publish","format-standard","has-post-thumbnail","hentry","category-destacado","category-edomex"],"_links":{"self":[{"href":"https:\/\/elinformante.mx\/index.php?rest_route=\/wp\/v2\/posts\/37706","targetHints":{"allow":["GET"]}}],"collection":[{"href":"https:\/\/elinformante.mx\/index.php?rest_route=\/wp\/v2\/posts"}],"about":[{"href":"https:\/\/elinformante.mx\/index.php?rest_route=\/wp\/v2\/types\/post"}],"author":[{"embeddable":true,"href":"https:\/\/elinformante.mx\/index.php?rest_route=\/wp\/v2\/users\/1"}],"replies":[{"embeddable":true,"href":"https:\/\/elinformante.mx\/index.php?rest_route=%2Fwp%2Fv2%2Fcomments&post=37706"}],"version-history":[{"count":0,"href":"https:\/\/elinformante.mx\/index.php?rest_route=\/wp\/v2\/posts\/37706\/revisions"}],"wp:featuredmedia":[{"embeddable":true,"href":"https:\/\/elinformante.mx\/index.php?rest_route=\/wp\/v2\/media\/37707"}],"wp:attachment":[{"href":"https:\/\/elinformante.mx\/index.php?rest_route=%2Fwp%2Fv2%2Fmedia&parent=37706"}],"wp:term":[{"taxonomy":"category","embeddable":true,"href":"https:\/\/elinformante.mx\/index.php?rest_route=%2Fwp%2Fv2%2Fcategories&post=37706"},{"taxonomy":"post_tag","embeddable":true,"href":"https:\/\/elinformante.mx\/index.php?rest_route=%2Fwp%2Fv2%2Ftags&post=37706"}],"curies":[{"name":"wp","href":"https:\/\/api.w.org\/{rel}","templated":true}]}}