{"id":37716,"date":"2023-10-04T13:38:29","date_gmt":"2023-10-04T13:38:29","guid":{"rendered":"https:\/\/elinformante.mx\/?p=37716"},"modified":"2023-10-05T05:39:33","modified_gmt":"2023-10-05T05:39:33","slug":"comienza-congreso-nacional-de-federalismo-judicial-2023-en-toluca","status":"publish","type":"post","link":"https:\/\/elinformante.mx\/?p=37716","title":{"rendered":"Comienza Congreso Nacional de Federalismo Judicial 2023 en Toluca"},"content":{"rendered":"\n<blockquote class=\"wp-block-quote is-layout-flow wp-block-quote-is-layout-flow\">\n<p>Sodi Cuellar se\u00f1al\u00f3 que la entidad mexiquense ya comenz\u00f3 con la construcci\u00f3n del nuevo Sistema de Justicia Civil y Familiar con base en el c\u00f3digo nacional, lo cual consider\u00f3 se trata de una batalla perdida.<\/p>\n<\/blockquote>\n\n\n\n<p>Del 3 al 5 de octubre la Escuela Judicial del Estado de M\u00e9xico es sede del Congreso Nacional de Federalismo Judicial 2023, con el objetivo de motivar la reflexi\u00f3n sobre el inicio y evoluci\u00f3n del Federalismo Judicial en M\u00e9xico, desde la promulgaci\u00f3n de la Constituci\u00f3n Mexicana de 1824, as\u00ed como los vaivenes que ha experimentado a lo largo de los a\u00f1os.<br><\/p>\n\n\n\n<p>El Congreso fue inaugurado este martes por el magistrado presidente Ricardo Sodi Cuellar y re\u00fane tanto a funcionarios como acad\u00e9micos, incluidos: Lorenzo C\u00f3rdova, exconsejero del INE; Myrna Araceli Garc\u00eda Mor\u00f3n, presidenta de la Comisi\u00f3n de Derechos Humanos estatal y; Leticia Victoria Tavira, titular del Tribunal Electoral del Estado de M\u00e9xico.<br><\/p>\n\n\n\n<figure class=\"wp-block-image size-large\"><img fetchpriority=\"high\" decoding=\"async\" width=\"1024\" height=\"503\" src=\"https:\/\/elinformante.mx\/wp-content\/uploads\/2023\/10\/COMIENZA-2-1024x503.jpg\" alt=\"\" class=\"wp-image-37718\" srcset=\"https:\/\/elinformante.mx\/wp-content\/uploads\/2023\/10\/COMIENZA-2-1024x503.jpg 1024w, https:\/\/elinformante.mx\/wp-content\/uploads\/2023\/10\/COMIENZA-2-300x147.jpg 300w, https:\/\/elinformante.mx\/wp-content\/uploads\/2023\/10\/COMIENZA-2-768x377.jpg 768w, https:\/\/elinformante.mx\/wp-content\/uploads\/2023\/10\/COMIENZA-2-580x285.jpg 580w, https:\/\/elinformante.mx\/wp-content\/uploads\/2023\/10\/COMIENZA-2-860x422.jpg 860w, https:\/\/elinformante.mx\/wp-content\/uploads\/2023\/10\/COMIENZA-2.jpg 1140w\" sizes=\"(max-width: 1024px) 100vw, 1024px\" \/><\/figure>\n\n\n\n<p>Durante su participaci\u00f3n, Sodi Cuellar se\u00f1al\u00f3 que la entidad mexiquense ya comenz\u00f3 con la construcci\u00f3n del nuevo Sistema de Justicia Civil y Familiar con base en el c\u00f3digo nacional, lo cual consider\u00f3 se trata de una batalla perdida.<br><\/p>\n\n\n\n<p>Resalt\u00f3 que unificar el procedimiento va a generar asimetr\u00eda total entre los poderes judiciales que tienen mayor capacidad de ejercicio y otros que no la tienen. \u201cEntonces vamos a tener justicia de diferentes velocidades\u201d, puntualiz\u00f3.<br><\/p>\n\n\n\n<p>Es de resaltar que el Congreso Nacional de Federalismo Judicial 2023 incluye 11 conferencias, entre ellas: \u201cIndependencia judicial y control del poder\u201d a cargo de Lorenzo C\u00f3rdova Vianello, de la Universidad Nacional Aut\u00f3noma de M\u00e9xico UNAM; \u201cFederalismo vs. centralismo: los primeros debates en el M\u00e9xico independiente\u201d por Rafael Estrada Michel del PJEdoM\u00e9x; \u201cLas ideas pol\u00edticas de Fray Servando Teresa de Mier\u201d por Christopher Dom\u00ednguez Michael, de El Colegio Nacional.<\/p>\n","protected":false},"excerpt":{"rendered":"<p>Sodi Cuellar se\u00f1al\u00f3 que la entidad mexiquense ya comenz\u00f3 con la construcci\u00f3n del nuevo Sistema de Justicia Civil y Familiar con base en el c\u00f3digo nacional, lo cual consider\u00f3 se trata de una batalla perdida. Del 3 al 5 de octubre la Escuela Judicial del Estado de M\u00e9xico es sede del Congreso Nacional de Federalismo [&hellip;]<\/p>\n","protected":false},"author":1,"featured_media":37717,"comment_status":"closed","ping_status":"closed","sticky":false,"template":"","format":"standard","meta":{"footnotes":""},"categories":[30,36],"tags":[],"class_list":["post-37716","post","type-post","status-publish","format-standard","has-post-thumbnail","hentry","category-destacado","category-edomex"],"_links":{"self":[{"href":"https:\/\/elinformante.mx\/index.php?rest_route=\/wp\/v2\/posts\/37716","targetHints":{"allow":["GET"]}}],"collection":[{"href":"https:\/\/elinformante.mx\/index.php?rest_route=\/wp\/v2\/posts"}],"about":[{"href":"https:\/\/elinformante.mx\/index.php?rest_route=\/wp\/v2\/types\/post"}],"author":[{"embeddable":true,"href":"https:\/\/elinformante.mx\/index.php?rest_route=\/wp\/v2\/users\/1"}],"replies":[{"embeddable":true,"href":"https:\/\/elinformante.mx\/index.php?rest_route=%2Fwp%2Fv2%2Fcomments&post=37716"}],"version-history":[{"count":0,"href":"https:\/\/elinformante.mx\/index.php?rest_route=\/wp\/v2\/posts\/37716\/revisions"}],"wp:featuredmedia":[{"embeddable":true,"href":"https:\/\/elinformante.mx\/index.php?rest_route=\/wp\/v2\/media\/37717"}],"wp:attachment":[{"href":"https:\/\/elinformante.mx\/index.php?rest_route=%2Fwp%2Fv2%2Fmedia&parent=37716"}],"wp:term":[{"taxonomy":"category","embeddable":true,"href":"https:\/\/elinformante.mx\/index.php?rest_route=%2Fwp%2Fv2%2Fcategories&post=37716"},{"taxonomy":"post_tag","embeddable":true,"href":"https:\/\/elinformante.mx\/index.php?rest_route=%2Fwp%2Fv2%2Ftags&post=37716"}],"curies":[{"name":"wp","href":"https:\/\/api.w.org\/{rel}","templated":true}]}}