{"id":37720,"date":"2023-10-04T13:40:45","date_gmt":"2023-10-04T13:40:45","guid":{"rendered":"https:\/\/elinformante.mx\/?p=37720"},"modified":"2023-10-05T05:39:33","modified_gmt":"2023-10-05T05:39:33","slug":"guadalupe-hoyos-academica-de-la-uaemex-reconocida-por-la-universidad-de-varsovia","status":"publish","type":"post","link":"https:\/\/elinformante.mx\/?p=37720","title":{"rendered":"Guadalupe Hoyos, acad\u00e9mica de la UAEM\u00e9x, reconocida por la Universidad de Varsovia"},"content":{"rendered":"\n<blockquote class=\"wp-block-quote is-layout-flow wp-block-quote-is-layout-flow\">\n<p>El Convenio de Colaboraci\u00f3n acad\u00e9mico-cient\u00edfico entre M\u00e9xico y Polonia es el segundo m\u00e1s longevo de la Universidad y est\u00e1 pr\u00f3ximo a cumplir 50 a\u00f1os.<\/p>\n<\/blockquote>\n\n\n\n<p>La investigaci\u00f3n no solo es pertinente, necesaria y obligatoria para las y los universitarios, sino que tambi\u00e9n es algo que se disfruta para la construcci\u00f3n de conocimiento, afirm\u00f3 Guadalupe del Carmen Hoyos Castillo, profesora e investigadora de la Facultad de Planeaci\u00f3n Urbana y Regional (FaPUR) de la Universidad Aut\u00f3noma del Estado de M\u00e9xico (UAEM\u00e9x), quien obtuvo la Medalla \u201cJerzy Kondracki\u201d por parte de la Facultad de Geograf\u00eda y Estudios Regionales de la Universidad de Varsovia, como resultado del convenio de colaboraci\u00f3n entre las dos instituciones.<br><\/p>\n\n\n\n<p>Este galard\u00f3n es otorgado desde 1999 en honor a Jerzy Kondracki, ge\u00f3grafo polaco reconocido por impulsar los estudios de la geograf\u00eda f\u00edsica y cartograf\u00eda y autor de la regionalizaci\u00f3n f\u00edsica y geogr\u00e1fica m\u00e1s famosa de Polonia.<br><\/p>\n\n\n\n<p>Hoyos Castillo es arquitecta de profesi\u00f3n por parte de la Universidad Nacional Aut\u00f3noma de M\u00e9xico (UNAM), sin embargo, su inter\u00e9s por el estudio de las ciudades y su funcionamiento estuvo presente a lo largo de su vida universitaria, siendo as\u00ed que al egresar, realiz\u00f3 la Maestr\u00eda en Estudios Urbanos y Regionales en el Colegio Mexiquense. Posteriormente, esta preparaci\u00f3n le permiti\u00f3 incorporarse a la FaPUR desde 1991 y formar parte del grupo de investigaci\u00f3n dentro de la misma.<br><\/p>\n\n\n\n<p>\u201cLa arquitectura est\u00e1 muy relacionada con el estudio de las ciudades. Poco a poco fui transformando los contenidos de mi carrera a fines del estudio del funcionamiento de la ciudad, porque \u00e9sta siempre va a ser nuestro laboratorio para nosotros los planificadores urbanos, regionales o urbanistas\u201d, coment\u00f3.<br><\/p>\n\n\n\n<figure class=\"wp-block-image size-large\"><img fetchpriority=\"high\" decoding=\"async\" width=\"1024\" height=\"503\" src=\"https:\/\/elinformante.mx\/wp-content\/uploads\/2023\/10\/GUADALUPE-2-1024x503.jpg\" alt=\"\" class=\"wp-image-37722\" srcset=\"https:\/\/elinformante.mx\/wp-content\/uploads\/2023\/10\/GUADALUPE-2-1024x503.jpg 1024w, https:\/\/elinformante.mx\/wp-content\/uploads\/2023\/10\/GUADALUPE-2-300x147.jpg 300w, https:\/\/elinformante.mx\/wp-content\/uploads\/2023\/10\/GUADALUPE-2-768x377.jpg 768w, https:\/\/elinformante.mx\/wp-content\/uploads\/2023\/10\/GUADALUPE-2-580x285.jpg 580w, https:\/\/elinformante.mx\/wp-content\/uploads\/2023\/10\/GUADALUPE-2-860x422.jpg 860w, https:\/\/elinformante.mx\/wp-content\/uploads\/2023\/10\/GUADALUPE-2.jpg 1140w\" sizes=\"(max-width: 1024px) 100vw, 1024px\" \/><\/figure>\n\n\n\n<p>En marco del XXIII Simposio Mexicano-Polaco: Ordenaci\u00f3n y Planeaci\u00f3n Territorial Sustentable -realizado cada dos a\u00f1os de manera ininterrumpida-, el pasado mes de septiembre fue condecorada con esta medalla, la cual reconoce su trabajo como profesora y especialmente como coordinadora de investigaci\u00f3n de 2009 a 2016.<br><\/p>\n\n\n\n<p>Guadalupe del Carmen Hoyos Castillo ha realizado diversas investigaciones, centr\u00e1ndose en la econom\u00eda urbana, estudios regionales, procesos metropolitanos, gesti\u00f3n metropolitana y acerca del medio ambiente. Cabe destacar que algunas de sus aportaciones han sido realizadas en colaboraci\u00f3n con la Asociaci\u00f3n Mexicana de Ciencias para el Desarrollo Regional A.C. y han sido publicadas en revistas universitarias como Convergencia, Revista Nicolaita de Estudios Econ\u00f3micos, Revista Quivera de Estudios Territoriales, entre otras.<br><\/p>\n\n\n\n<p>\u201cEs satisfactorio saber que la tarea se est\u00e1 haciendo bien, que la facultad, con todos los colegas, administrativos y autoridades, contribuye a la realizaci\u00f3n de esta colaboraci\u00f3n cient\u00edfica. En primera persona es una satisfacci\u00f3n haber recibido esto en nombre de la Facultad de Planeaci\u00f3n Urbana y Regional\u201d, afirm\u00f3.<br><\/p>\n\n\n\n<p>El convenio de colaboraci\u00f3n de intercambio acad\u00e9mico-cient\u00edfico con la Universidad de Varsovia data de 1975, donde inicialmente se estableci\u00f3 entre la Facultad de Geograf\u00eda de la UAEM\u00e9x y la Facultad de Geograf\u00eda y Estudios Regionales de esa instituci\u00f3n. Posteriormente, se present\u00f3 una iniciativa para incluir a la FaPUR y desarrollar investigaciones multidisciplinarias e interinstitucionales. Pr\u00f3ximamente, este convenio cumplir\u00e1 50 a\u00f1os, siendo el segundo m\u00e1s longevo de la universidad.<\/p>\n","protected":false},"excerpt":{"rendered":"<p>El Convenio de Colaboraci\u00f3n acad\u00e9mico-cient\u00edfico entre M\u00e9xico y Polonia es el segundo m\u00e1s longevo de la Universidad y est\u00e1 pr\u00f3ximo a cumplir 50 a\u00f1os. La investigaci\u00f3n no solo es pertinente, necesaria y obligatoria para las y los universitarios, sino que tambi\u00e9n es algo que se disfruta para la construcci\u00f3n de conocimiento, afirm\u00f3 Guadalupe del Carmen [&hellip;]<\/p>\n","protected":false},"author":1,"featured_media":37721,"comment_status":"closed","ping_status":"closed","sticky":false,"template":"","format":"standard","meta":{"footnotes":""},"categories":[30,36],"tags":[],"class_list":["post-37720","post","type-post","status-publish","format-standard","has-post-thumbnail","hentry","category-destacado","category-edomex"],"_links":{"self":[{"href":"https:\/\/elinformante.mx\/index.php?rest_route=\/wp\/v2\/posts\/37720","targetHints":{"allow":["GET"]}}],"collection":[{"href":"https:\/\/elinformante.mx\/index.php?rest_route=\/wp\/v2\/posts"}],"about":[{"href":"https:\/\/elinformante.mx\/index.php?rest_route=\/wp\/v2\/types\/post"}],"author":[{"embeddable":true,"href":"https:\/\/elinformante.mx\/index.php?rest_route=\/wp\/v2\/users\/1"}],"replies":[{"embeddable":true,"href":"https:\/\/elinformante.mx\/index.php?rest_route=%2Fwp%2Fv2%2Fcomments&post=37720"}],"version-history":[{"count":0,"href":"https:\/\/elinformante.mx\/index.php?rest_route=\/wp\/v2\/posts\/37720\/revisions"}],"wp:featuredmedia":[{"embeddable":true,"href":"https:\/\/elinformante.mx\/index.php?rest_route=\/wp\/v2\/media\/37721"}],"wp:attachment":[{"href":"https:\/\/elinformante.mx\/index.php?rest_route=%2Fwp%2Fv2%2Fmedia&parent=37720"}],"wp:term":[{"taxonomy":"category","embeddable":true,"href":"https:\/\/elinformante.mx\/index.php?rest_route=%2Fwp%2Fv2%2Fcategories&post=37720"},{"taxonomy":"post_tag","embeddable":true,"href":"https:\/\/elinformante.mx\/index.php?rest_route=%2Fwp%2Fv2%2Ftags&post=37720"}],"curies":[{"name":"wp","href":"https:\/\/api.w.org\/{rel}","templated":true}]}}