{"id":37732,"date":"2023-10-04T13:50:10","date_gmt":"2023-10-04T13:50:10","guid":{"rendered":"https:\/\/elinformante.mx\/?p=37732"},"modified":"2023-10-05T05:39:34","modified_gmt":"2023-10-05T05:39:34","slug":"david-faitelson-se-va-a-televisa","status":"publish","type":"post","link":"https:\/\/elinformante.mx\/?p=37732","title":{"rendered":"David Faitelson se va a Televisa"},"content":{"rendered":"\n<blockquote class=\"wp-block-quote is-layout-flow wp-block-quote-is-layout-flow\">\n<p>Antes de abandonar la mesa de Futbol Picante, Jos\u00e9 Ram\u00f3n Fern\u00e1ndez le record\u00f3 sus pol\u00e9micas declaraciones.<\/p>\n<\/blockquote>\n\n\n\n<p>Durante la noche del pasado 2 de octubre la mesa de an\u00e1lisis deportivo \u201cFutbol Picante\u201d vivi\u00f3 una de sus transmisiones m\u00e1s importantes despu\u00e9s de que el periodista, David Faitelson confirmara su salida de ESPN, poniendo fin al gran equipo que hizo junto a su maestro, Jos\u00e9 Ram\u00f3n Fern\u00e1ndez.<br><\/p>\n\n\n\n<p>Desde hace unas semanas comenz\u00f3 a circular el rumor sobre la salida de David Faitelson de ESPN para comenzar una nueva aventura como analista en TUDN, la cadena de deportes de Televisa. Al parecer la noticia es inminente despu\u00e9s de que el periodista confirmara su salida del \u201cl\u00edder mundial en deportes\u201d.<br><\/p>\n\n\n\n<p>Despu\u00e9s de encabezar la \u00faltima mesa de an\u00e1lisis de \u201cFutbol Picante\u201d, David Faitelson se tom\u00f3 unos minutos para despedirse de sus compa\u00f1eros Jos\u00e9 Ram\u00f3n Fern\u00e1ndez, Hugo S\u00e1nchez, Jorge Pietrasanta y Mauricio Ymay. El periodista deportivo agradeci\u00f3 la oportunidad de trabajar durante tantos a\u00f1os en ESPN.<br><\/p>\n\n\n\n<p>Sin guardarse nada, el tambi\u00e9n excolaboradora de TV Azteca dijo que le costaba demasiado despedirse de todos los programas que conduc\u00eda en ESPN y de todos sus compa\u00f1eros. Asegur\u00f3 que Jos\u00e9 Ram\u00f3n Fern\u00e1ndez es su maestro de periodismo y siempre llevar\u00e1 su escuela al lugar en el que trabaje.<br><\/p>\n\n\n\n<p>\u201cCuesta trabajo irse. Les agradezco mucho\u201d, cont\u00f3.<br><\/p>\n\n\n\n<p>Antes de su \u00faltima aparici\u00f3n en \u201cFutbol Picante\u201d, Jos\u00e9 Ram\u00f3n Fern\u00e1ndez le record\u00f3 a David Faitelson la ocasi\u00f3n en la que dijo que jam\u00e1s trabajar\u00eda para Televisa, la que parece ser su nueva casa tras su sorpresiva salida de ESPN. Ambos protagonizaron su \u00faltima pol\u00e9mica juntos.<br><\/p>\n\n\n\n<p>\u201cEn esta mesa dijiste jam\u00e1s ir\u00e9 a esa empresa \u00bfpor qu\u00e9?\u201d, le dijo Jos\u00e9 Ram\u00f3n a David Faitelson.<br><\/p>\n\n\n\n<p>Fiel a su estilo, David Faitelson dijo que no quer\u00eda entrar en pol\u00e9mica sobre su nuevo lugar de trabajo y prefiri\u00f3 despedirse de manera cordial de todos sus compa\u00f1eros. Reconoci\u00f3 que Jos\u00e9 Ram\u00f3n Fern\u00e1ndez es su maestro en la industria de la televisi\u00f3n.<br><\/p>\n\n\n\n<p>\u201c\u00bfEst\u00e1s seguro que me voy a Televisa? No voy a entrar en pol\u00e9mica contigo. Te estimo mucho, eres mi maestro, casi como mi padre. Me ayudaste a ser lo que soy hoy en d\u00eda\u201d, se\u00f1al\u00f3.<\/p>\n","protected":false},"excerpt":{"rendered":"<p>Antes de abandonar la mesa de Futbol Picante, Jos\u00e9 Ram\u00f3n Fern\u00e1ndez le record\u00f3 sus pol\u00e9micas declaraciones. Durante la noche del pasado 2 de octubre la mesa de an\u00e1lisis deportivo \u201cFutbol Picante\u201d vivi\u00f3 una de sus transmisiones m\u00e1s importantes despu\u00e9s de que el periodista, David Faitelson confirmara su salida de ESPN, poniendo fin al gran equipo [&hellip;]<\/p>\n","protected":false},"author":1,"featured_media":37733,"comment_status":"closed","ping_status":"closed","sticky":false,"template":"","format":"standard","meta":{"footnotes":""},"categories":[38,30],"tags":[],"class_list":["post-37732","post","type-post","status-publish","format-standard","has-post-thumbnail","hentry","category-deportes","category-destacado"],"_links":{"self":[{"href":"https:\/\/elinformante.mx\/index.php?rest_route=\/wp\/v2\/posts\/37732","targetHints":{"allow":["GET"]}}],"collection":[{"href":"https:\/\/elinformante.mx\/index.php?rest_route=\/wp\/v2\/posts"}],"about":[{"href":"https:\/\/elinformante.mx\/index.php?rest_route=\/wp\/v2\/types\/post"}],"author":[{"embeddable":true,"href":"https:\/\/elinformante.mx\/index.php?rest_route=\/wp\/v2\/users\/1"}],"replies":[{"embeddable":true,"href":"https:\/\/elinformante.mx\/index.php?rest_route=%2Fwp%2Fv2%2Fcomments&post=37732"}],"version-history":[{"count":0,"href":"https:\/\/elinformante.mx\/index.php?rest_route=\/wp\/v2\/posts\/37732\/revisions"}],"wp:featuredmedia":[{"embeddable":true,"href":"https:\/\/elinformante.mx\/index.php?rest_route=\/wp\/v2\/media\/37733"}],"wp:attachment":[{"href":"https:\/\/elinformante.mx\/index.php?rest_route=%2Fwp%2Fv2%2Fmedia&parent=37732"}],"wp:term":[{"taxonomy":"category","embeddable":true,"href":"https:\/\/elinformante.mx\/index.php?rest_route=%2Fwp%2Fv2%2Fcategories&post=37732"},{"taxonomy":"post_tag","embeddable":true,"href":"https:\/\/elinformante.mx\/index.php?rest_route=%2Fwp%2Fv2%2Ftags&post=37732"}],"curies":[{"name":"wp","href":"https:\/\/api.w.org\/{rel}","templated":true}]}}