{"id":37750,"date":"2023-10-04T14:52:06","date_gmt":"2023-10-04T14:52:06","guid":{"rendered":"https:\/\/elinformante.mx\/?p=37750"},"modified":"2023-10-05T05:39:32","modified_gmt":"2023-10-05T05:39:32","slug":"proponen-implantar-en-edomex-la-ley-3-de-3-contra-la-violencia","status":"publish","type":"post","link":"https:\/\/elinformante.mx\/?p=37750","title":{"rendered":"Proponen implantar en Edom\u00e9x la \u2018ley 3 de 3 contra la violencia\u2019"},"content":{"rendered":"\n<blockquote class=\"wp-block-quote is-layout-flow wp-block-quote-is-layout-flow\">\n<p>Personas con sentencia por violencia familiar, delitos sexuales o deudoras alimentarias no deben ocupar cargos p\u00fablicos: bancada de Morena.<\/p>\n<\/blockquote>\n\n\n\n<p>El grupo parlamentario de Morena propuso reformas a la Constituci\u00f3n Pol\u00edtica estatal para establecer la suspensi\u00f3n de los derechos para ocupar cargo, empleo o comisi\u00f3n de servicio p\u00fablico a quienes tengan sentencia firme por la comisi\u00f3n intencional de delitos contra la vida y la integridad corporal, delitos contra la familia y delitos de violencia de g\u00e9nero.<br><\/p>\n\n\n\n<figure class=\"wp-block-image size-large\"><img fetchpriority=\"high\" decoding=\"async\" width=\"1024\" height=\"503\" src=\"https:\/\/elinformante.mx\/wp-content\/uploads\/2023\/10\/PROPONEN-1024x503.jpg\" alt=\"\" class=\"wp-image-37752\" srcset=\"https:\/\/elinformante.mx\/wp-content\/uploads\/2023\/10\/PROPONEN-1024x503.jpg 1024w, https:\/\/elinformante.mx\/wp-content\/uploads\/2023\/10\/PROPONEN-300x147.jpg 300w, https:\/\/elinformante.mx\/wp-content\/uploads\/2023\/10\/PROPONEN-768x377.jpg 768w, https:\/\/elinformante.mx\/wp-content\/uploads\/2023\/10\/PROPONEN-580x285.jpg 580w, https:\/\/elinformante.mx\/wp-content\/uploads\/2023\/10\/PROPONEN-860x422.jpg 860w, https:\/\/elinformante.mx\/wp-content\/uploads\/2023\/10\/PROPONEN.jpg 1140w\" sizes=\"(max-width: 1024px) 100vw, 1024px\" \/><\/figure>\n\n\n\n<p>La sanci\u00f3n aplicar\u00eda tambi\u00e9n en contra de las y los responsable de il\u00edcitos contra la libertad sexual, contra el libre desarrollo de la personalidad y la identidad sexual, y contra el pleno desarrollo y la dignidad de la persona, as\u00ed como a quienes sean declarados como persona deudora alimentaria morosa.<br><\/p>\n\n\n\n<p>Al reconocer la necesidad de incrementar las medidas para prevenir, sancionar y erradicar la violencia de g\u00e9nero, las diputadas Azucena Cisneros Coss, Anais Miriam Burgos Hern\u00e1ndez y Luz Ma Hern\u00e1ndez Berm\u00fadez, as\u00ed como los diputados Faustino de la Cruz P\u00e9rez, Camilo Murillo Zavala y el legislador Ra\u00fal Ponce Elizalde, plantearon establecer la suspensi\u00f3n de derechos y prerrogativas de ciudadanas y ciudadanos ante este tipo de hechos.<br><\/p>\n\n\n\n<figure class=\"wp-block-image size-large\"><img decoding=\"async\" width=\"1024\" height=\"503\" src=\"https:\/\/elinformante.mx\/wp-content\/uploads\/2023\/10\/PROPONEN-3-1024x503.jpg\" alt=\"\" class=\"wp-image-37753\" srcset=\"https:\/\/elinformante.mx\/wp-content\/uploads\/2023\/10\/PROPONEN-3-1024x503.jpg 1024w, https:\/\/elinformante.mx\/wp-content\/uploads\/2023\/10\/PROPONEN-3-300x147.jpg 300w, https:\/\/elinformante.mx\/wp-content\/uploads\/2023\/10\/PROPONEN-3-768x377.jpg 768w, https:\/\/elinformante.mx\/wp-content\/uploads\/2023\/10\/PROPONEN-3-580x285.jpg 580w, https:\/\/elinformante.mx\/wp-content\/uploads\/2023\/10\/PROPONEN-3-860x422.jpg 860w, https:\/\/elinformante.mx\/wp-content\/uploads\/2023\/10\/PROPONEN-3.jpg 1140w\" sizes=\"(max-width: 1024px) 100vw, 1024px\" \/><\/figure>\n\n\n\n<p>De acuerdo con el documento expuesto por el legislador Ra\u00fal Ponce en sesi\u00f3n plenaria, se busca evitar que las personas que se encuentren en los supuestos sean registradas como candidatas a cualquier cargo de elecci\u00f3n popular o nombrados para empleo, cargo o comisi\u00f3n en el servicio p\u00fablico estatal o municipal, con lo cual la Legislatura homologar\u00e1 el marco normativo estatal con la Carta Magna que ya incluye la denominada \u2018ley 3 de 3\u2019.<br><\/p>\n\n\n\n<p>La propuesta, que analizar\u00e1 la Comisi\u00f3n de Gobernaci\u00f3n y Puntos Constitucionales, enfatiza en que el grupo parlamentario de Morena est\u00e1 totalmente en contra de todo tipo de violencia, sobre todo, la de g\u00e9nero, por lo cual cumple con el compromiso adquirido con la sociedad mexiquense, una sociedad azotada por la violencia que no merece estar mal representada ante los m\u00e1ximos organismos de decisi\u00f3n.<\/p>\n\n\n\n<figure class=\"wp-block-image size-large\"><img decoding=\"async\" width=\"1024\" height=\"503\" src=\"https:\/\/elinformante.mx\/wp-content\/uploads\/2023\/10\/PROPONEN-2-1024x503.jpg\" alt=\"\" class=\"wp-image-37754\" srcset=\"https:\/\/elinformante.mx\/wp-content\/uploads\/2023\/10\/PROPONEN-2-1024x503.jpg 1024w, https:\/\/elinformante.mx\/wp-content\/uploads\/2023\/10\/PROPONEN-2-300x147.jpg 300w, https:\/\/elinformante.mx\/wp-content\/uploads\/2023\/10\/PROPONEN-2-768x377.jpg 768w, https:\/\/elinformante.mx\/wp-content\/uploads\/2023\/10\/PROPONEN-2-580x285.jpg 580w, https:\/\/elinformante.mx\/wp-content\/uploads\/2023\/10\/PROPONEN-2-860x422.jpg 860w, https:\/\/elinformante.mx\/wp-content\/uploads\/2023\/10\/PROPONEN-2.jpg 1140w\" sizes=\"(max-width: 1024px) 100vw, 1024px\" \/><\/figure>\n","protected":false},"excerpt":{"rendered":"<p>Personas con sentencia por violencia familiar, delitos sexuales o deudoras alimentarias no deben ocupar cargos p\u00fablicos: bancada de Morena. El grupo parlamentario de Morena propuso reformas a la Constituci\u00f3n Pol\u00edtica estatal para establecer la suspensi\u00f3n de los derechos para ocupar cargo, empleo o comisi\u00f3n de servicio p\u00fablico a quienes tengan sentencia firme por la comisi\u00f3n [&hellip;]<\/p>\n","protected":false},"author":1,"featured_media":37751,"comment_status":"closed","ping_status":"closed","sticky":false,"template":"","format":"standard","meta":{"footnotes":""},"categories":[30,31],"tags":[],"class_list":["post-37750","post","type-post","status-publish","format-standard","has-post-thumbnail","hentry","category-destacado","category-portada"],"_links":{"self":[{"href":"https:\/\/elinformante.mx\/index.php?rest_route=\/wp\/v2\/posts\/37750","targetHints":{"allow":["GET"]}}],"collection":[{"href":"https:\/\/elinformante.mx\/index.php?rest_route=\/wp\/v2\/posts"}],"about":[{"href":"https:\/\/elinformante.mx\/index.php?rest_route=\/wp\/v2\/types\/post"}],"author":[{"embeddable":true,"href":"https:\/\/elinformante.mx\/index.php?rest_route=\/wp\/v2\/users\/1"}],"replies":[{"embeddable":true,"href":"https:\/\/elinformante.mx\/index.php?rest_route=%2Fwp%2Fv2%2Fcomments&post=37750"}],"version-history":[{"count":0,"href":"https:\/\/elinformante.mx\/index.php?rest_route=\/wp\/v2\/posts\/37750\/revisions"}],"wp:featuredmedia":[{"embeddable":true,"href":"https:\/\/elinformante.mx\/index.php?rest_route=\/wp\/v2\/media\/37751"}],"wp:attachment":[{"href":"https:\/\/elinformante.mx\/index.php?rest_route=%2Fwp%2Fv2%2Fmedia&parent=37750"}],"wp:term":[{"taxonomy":"category","embeddable":true,"href":"https:\/\/elinformante.mx\/index.php?rest_route=%2Fwp%2Fv2%2Fcategories&post=37750"},{"taxonomy":"post_tag","embeddable":true,"href":"https:\/\/elinformante.mx\/index.php?rest_route=%2Fwp%2Fv2%2Ftags&post=37750"}],"curies":[{"name":"wp","href":"https:\/\/api.w.org\/{rel}","templated":true}]}}