{"id":37756,"date":"2023-10-04T14:54:10","date_gmt":"2023-10-04T14:54:10","guid":{"rendered":"https:\/\/elinformante.mx\/?p=37756"},"modified":"2023-10-05T05:39:32","modified_gmt":"2023-10-05T05:39:32","slug":"en-mexico-60-de-la-poblacion-podria-padecer-enfermedades-mentales","status":"publish","type":"post","link":"https:\/\/elinformante.mx\/?p=37756","title":{"rendered":"En M\u00e9xico 60% de la poblaci\u00f3n podr\u00eda padecer enfermedades mentales"},"content":{"rendered":"\n<blockquote class=\"wp-block-quote is-layout-flow wp-block-quote-is-layout-flow\">\n<p>Un estudio se\u00f1ala que los problemas de salud mental antes de la emergencia sanitaria se ubicaban en 30%.<\/p>\n<\/blockquote>\n\n\n\n<p>A partir de la pandemia de covid-19 las enfermedades mentales en nuestro pa\u00eds se duplicaron.<br><\/p>\n\n\n\n<p>La psicoterapeuta, Yolanda Pica, integrante de la Asociaci\u00f3n Psiqui\u00e1trica Mexicana, explic\u00f3 que de acuerdo a datos de la Universidad Nacional Aut\u00f3noma de M\u00e9xico (UNAM), actualmente los problemas de salud mental afectan a alrededor del 60% de la poblaci\u00f3n, cuando antes de la emergencia sanitaria, esta cifra se ubicaba en 30%.<br><\/p>\n\n\n\n<p>Durante la conferencia virtual de prensa \u201cLa salud mental como un derecho universal\u201d, a\u00f1adi\u00f3 que los padecimientos que mayormente est\u00e1n impactando son la depresi\u00f3n, la ansiedad, los trastornos obsesivos-compulsivos y los trastornos de conducta alimentaria, que incluye el hecho de comer compulsivamente.<br><\/p>\n\n\n\n<p>En el estudio que se realiz\u00f3 en la UNAM, donde se desarroll\u00f3 un plataforma para atender a pacientes que estaban sufriendo coronavirus, colaboramos varios psiquiatras para dar consulta en forma gratuita. Se atendieron 180 mil pacientes y lo que se encontr\u00f3 es que la mayor\u00eda, es decir, un 60 % ya en la pandemia estaban sufriendo cuadros de depresi\u00f3n o ansiedad o lo que se conoce como depresi\u00f3n ansiosa que es todav\u00eda peor porque se sufren ambos padecimientos al mismo tiempo\u201d, detall\u00f3.<br><\/p>\n\n\n\n<p>De camino al D\u00eda Mundial de la Salud Mental, que se conmemora el 10 de octubre, la psiquiatra se\u00f1al\u00f3 que la violencia intrafamiliar, est\u00e1 ocasionando que las enfermedades mentales se presenten desde muy temprana edad, no obstante, aclar\u00f3, que el sector m\u00e1s afectado es la poblaci\u00f3n joven y en edad productiva.<br><\/p>\n\n\n\n<p>Por g\u00e9nero, el sector femenino, padece con m\u00e1s frecuencia problemas de salud mental, pero en su mayor\u00eda, los hombres son quienes llegan a suicidarse por no manifestar que padecen depresi\u00f3n.<br><\/p>\n\n\n\n<p>Las mujeres son m\u00e1s afectadas por las enfermedades mentales porque las hormonas femeninas tienen un papel muy importante en los cuadros depresivos, pero es importante se\u00f1alar que como en nuestro pa\u00eds a los hombres culturalmente se les permite &#8211; muy poco- la expresi\u00f3n de sus afectos, tienen m\u00e1s riesgo de suicidio porque tambi\u00e9n sufren depresi\u00f3n, padecen los s\u00edntomas y no buscan ayuda\u201d, expuso la psicoterapeuta Yolanda Pica.<\/p>\n","protected":false},"excerpt":{"rendered":"<p>Un estudio se\u00f1ala que los problemas de salud mental antes de la emergencia sanitaria se ubicaban en 30%. A partir de la pandemia de covid-19 las enfermedades mentales en nuestro pa\u00eds se duplicaron. La psicoterapeuta, Yolanda Pica, integrante de la Asociaci\u00f3n Psiqui\u00e1trica Mexicana, explic\u00f3 que de acuerdo a datos de la Universidad Nacional Aut\u00f3noma de [&hellip;]<\/p>\n","protected":false},"author":1,"featured_media":37757,"comment_status":"closed","ping_status":"closed","sticky":false,"template":"","format":"standard","meta":{"footnotes":""},"categories":[30,31],"tags":[],"class_list":["post-37756","post","type-post","status-publish","format-standard","has-post-thumbnail","hentry","category-destacado","category-portada"],"_links":{"self":[{"href":"https:\/\/elinformante.mx\/index.php?rest_route=\/wp\/v2\/posts\/37756","targetHints":{"allow":["GET"]}}],"collection":[{"href":"https:\/\/elinformante.mx\/index.php?rest_route=\/wp\/v2\/posts"}],"about":[{"href":"https:\/\/elinformante.mx\/index.php?rest_route=\/wp\/v2\/types\/post"}],"author":[{"embeddable":true,"href":"https:\/\/elinformante.mx\/index.php?rest_route=\/wp\/v2\/users\/1"}],"replies":[{"embeddable":true,"href":"https:\/\/elinformante.mx\/index.php?rest_route=%2Fwp%2Fv2%2Fcomments&post=37756"}],"version-history":[{"count":0,"href":"https:\/\/elinformante.mx\/index.php?rest_route=\/wp\/v2\/posts\/37756\/revisions"}],"wp:featuredmedia":[{"embeddable":true,"href":"https:\/\/elinformante.mx\/index.php?rest_route=\/wp\/v2\/media\/37757"}],"wp:attachment":[{"href":"https:\/\/elinformante.mx\/index.php?rest_route=%2Fwp%2Fv2%2Fmedia&parent=37756"}],"wp:term":[{"taxonomy":"category","embeddable":true,"href":"https:\/\/elinformante.mx\/index.php?rest_route=%2Fwp%2Fv2%2Fcategories&post=37756"},{"taxonomy":"post_tag","embeddable":true,"href":"https:\/\/elinformante.mx\/index.php?rest_route=%2Fwp%2Fv2%2Ftags&post=37756"}],"curies":[{"name":"wp","href":"https:\/\/api.w.org\/{rel}","templated":true}]}}