{"id":37759,"date":"2023-10-04T14:56:31","date_gmt":"2023-10-04T14:56:31","guid":{"rendered":"https:\/\/elinformante.mx\/?p=37759"},"modified":"2023-10-05T05:39:31","modified_gmt":"2023-10-05T05:39:31","slug":"millones-de-adultos-mayores-en-soledad-y-sin-cuidados-inegi","status":"publish","type":"post","link":"https:\/\/elinformante.mx\/?p=37759","title":{"rendered":"MILLONES DE ADULTOS MAYORES EN SOLEDAD Y SIN CUIDADOS: INEGI"},"content":{"rendered":"\n<blockquote class=\"wp-block-quote is-layout-flow wp-block-quote-is-layout-flow\">\n<p>Un estudio indica que el 51% de las personas mayores a 60 a\u00f1os que viven solas, \u201cs\u00f3lo quieren que les hagan compa\u00f1\u00eda\u201d.<\/p>\n<\/blockquote>\n\n\n\n<p>El Instituto Nacional de Estad\u00edstica y Geograf\u00eda (Inegi) public\u00f3 que 13.2 millones de personas mayores a 60 a\u00f1os no son cuidados ni por sus familias ni por alguna instituci\u00f3n; adem\u00e1s, el 51.2% de este demogr\u00e1fico que viven solos se\u00f1alaron que \u201cquieren que alguien le haga compa\u00f1\u00eda\u201d.<br><\/p>\n\n\n\n<p>Este martes 3 de octubre, el instituto a cargo de Graciela M\u00e1rquez public\u00f3 los resultados de la Encuesta Nacional para el Sistema de Cuidados (ENASIC) 2022, donde se desataron diversos aspectos del cuidado a poblaciones vulnerables, donde el aspecto mis\u00f3gino y el olvido de las personas adultas mayores sobresalieron de entre los dem\u00e1s.<br><\/p>\n\n\n\n<figure class=\"wp-block-image size-large\"><img fetchpriority=\"high\" decoding=\"async\" width=\"1024\" height=\"503\" src=\"https:\/\/elinformante.mx\/wp-content\/uploads\/2023\/10\/MILLONES-2-1024x503.jpg\" alt=\"\" class=\"wp-image-37761\" srcset=\"https:\/\/elinformante.mx\/wp-content\/uploads\/2023\/10\/MILLONES-2-1024x503.jpg 1024w, https:\/\/elinformante.mx\/wp-content\/uploads\/2023\/10\/MILLONES-2-300x147.jpg 300w, https:\/\/elinformante.mx\/wp-content\/uploads\/2023\/10\/MILLONES-2-768x377.jpg 768w, https:\/\/elinformante.mx\/wp-content\/uploads\/2023\/10\/MILLONES-2-580x285.jpg 580w, https:\/\/elinformante.mx\/wp-content\/uploads\/2023\/10\/MILLONES-2-860x422.jpg 860w, https:\/\/elinformante.mx\/wp-content\/uploads\/2023\/10\/MILLONES-2.jpg 1140w\" sizes=\"(max-width: 1024px) 100vw, 1024px\" \/><\/figure>\n\n\n\n<p>Lo primero que defini\u00f3 el Inegi fueron las personas susceptibles de cuidados y las acot\u00f3 entre personas con discapacidad, mayores de 60 a\u00f1os y de entre 0 a 17 a\u00f1os de edad. Sin embargo, en un apartado se reconoce la autonom\u00eda de algunas personas adultas mayores y de personas con discapacidad.<br><\/p>\n\n\n\n<p>En total, el Inegi estima que existen 58.3 millones de personas susceptibles de cuidados repartidas en 30.2 millones de hogares. De este universo, 20.7 millones no fueron objeto de cuidado y la gran mayor\u00eda se acumul\u00f3 en el demogr\u00e1fico de personas mayores a 60 a\u00f1os.<br><\/p>\n\n\n\n<p>De acuerdo con el Instituto, de las 5.7 millones de personas con discapacidad, 3.5 s\u00ed reciben cuidados (61.5%); de las 10.3 millones de ni\u00f1os entre 0 y 5 a\u00f1os, 10.2 millones son cuidadas (99%); de las 25.4 millones entre 6 y 17 a\u00f1os, 20.2 millones tambi\u00e9n son atendidos (79.4%), pero cuando se habla de adultos mayores, las cifras positivas desaparecen.<br><\/p>\n\n\n\n<figure class=\"wp-block-image size-large\"><img decoding=\"async\" width=\"1024\" height=\"503\" src=\"https:\/\/elinformante.mx\/wp-content\/uploads\/2023\/10\/MILLONES-3-1024x503.jpg\" alt=\"\" class=\"wp-image-37762\" srcset=\"https:\/\/elinformante.mx\/wp-content\/uploads\/2023\/10\/MILLONES-3-1024x503.jpg 1024w, https:\/\/elinformante.mx\/wp-content\/uploads\/2023\/10\/MILLONES-3-300x147.jpg 300w, https:\/\/elinformante.mx\/wp-content\/uploads\/2023\/10\/MILLONES-3-768x377.jpg 768w, https:\/\/elinformante.mx\/wp-content\/uploads\/2023\/10\/MILLONES-3-580x285.jpg 580w, https:\/\/elinformante.mx\/wp-content\/uploads\/2023\/10\/MILLONES-3-860x422.jpg 860w, https:\/\/elinformante.mx\/wp-content\/uploads\/2023\/10\/MILLONES-3.jpg 1140w\" sizes=\"(max-width: 1024px) 100vw, 1024px\" \/><\/figure>\n\n\n\n<p>Con las 17 millones de personas mayores a 60 a\u00f1os, se tiene registrado que s\u00f3lo 3.8 millones (22.4%) son objeto de cuidado, dejando a 13.2 millones (77.6%) sin \u00e9l. Asimismo, m\u00e1s de la mitad de las personas adultas mayores que viven solas expresaron la necesidad de tener compa\u00f1\u00eda.<br><\/p>\n\n\n\n<p>Y es que el Inegi detect\u00f3 la existencia de 5.8 millones de hogares unipersonales (personas que viven solas) y el 43.9% de \u00e9stos son habitados por personas adultas mayores, es decir, 2.54 millones, de los cuales manifestaron el tipo de cuidado que necesitan, donde la simple compa\u00f1\u00eda fue la m\u00e1s solicitada al promediar 51.2% (51.2% mujeres y 51.1% hombres).<br><\/p>\n\n\n\n<p>Al desagregar este segmento por g\u00e9nero, las mujeres necesitan al 55.7% que alguien las acompa\u00f1e al m\u00e9dico y les d\u00e9 medicamentos; ministra que los hombres manifestaron esta necesidad al 38.3 por ciento. Tambi\u00e9n manifestaron necesitar ayuda en los traslados habituales (31.8%), en el trabajo dom\u00e9stico (30.2%), en la manutenci\u00f3n (24.4%) y en el arreglo personal (10.2%).<br><\/p>\n\n\n\n<figure class=\"wp-block-image size-large\"><img decoding=\"async\" width=\"1024\" height=\"503\" src=\"https:\/\/elinformante.mx\/wp-content\/uploads\/2023\/10\/MILLONES-4-1024x503.jpg\" alt=\"\" class=\"wp-image-37763\" srcset=\"https:\/\/elinformante.mx\/wp-content\/uploads\/2023\/10\/MILLONES-4-1024x503.jpg 1024w, https:\/\/elinformante.mx\/wp-content\/uploads\/2023\/10\/MILLONES-4-300x147.jpg 300w, https:\/\/elinformante.mx\/wp-content\/uploads\/2023\/10\/MILLONES-4-768x377.jpg 768w, https:\/\/elinformante.mx\/wp-content\/uploads\/2023\/10\/MILLONES-4-580x285.jpg 580w, https:\/\/elinformante.mx\/wp-content\/uploads\/2023\/10\/MILLONES-4-860x422.jpg 860w, https:\/\/elinformante.mx\/wp-content\/uploads\/2023\/10\/MILLONES-4.jpg 1140w\" sizes=\"(max-width: 1024px) 100vw, 1024px\" \/><\/figure>\n\n\n\n<p>Asimismo, el Inegi detect\u00f3 que de las 22.5 millones personas cuidadoras en M\u00e9xico, 19.5 millones son mujeres. De este universo, el 25.9% tiene entre 15 y 29 a\u00f1os; el 31.9%, de 30 a 39; el 22.4%, de 40 a 49; el 9.6%, de 50 a 59 a\u00f1os; y, el 10,1%, 60 a\u00f1os o m\u00e1s.<br><\/p>\n\n\n\n<p>El 74.8% de ellas est\u00e1 casada, el 16.1% son divorciadas o viudas y el 9.1% son solteras; adem\u00e1s, el Instituto calcul\u00f3 que el 48.9% de ellas pertenece a la Poblaci\u00f3n No Econ\u00f3micamente Activa (PNAE). En cambio, s\u00f3lo el 17.3% de los hombres cuidadores pertenece a la PNEA, por lo que M\u00e1rquez Col\u00edn destac\u00f3 la iniquidad de g\u00e9nero en este rubro.<br><\/p>\n\n\n\n<p>Finalmente, se pudo documentar que las mujeres que cuidan tambi\u00e9n sufren afectaciones a la salud y calidad de vida. El 39.1% de ellas report\u00f3 sentirse cansada; el 31.7 dijo que se redujo su tiempo de sue\u00f1o; el 22.7% se sienten irritadas; el 16.6%, deprimidas; el 12.7%, deterioro a su salud f\u00edsica; el 6.4%, ha recibido terapia para atender ansiedad, angustia, nervios o depresi\u00f3n; y, el 5.3% desarroll\u00f3 una enfermedad o se agrav\u00f3 alguna.<\/p>\n\n\n\n<figure class=\"wp-block-image size-large\"><img loading=\"lazy\" decoding=\"async\" width=\"1024\" height=\"503\" src=\"https:\/\/elinformante.mx\/wp-content\/uploads\/2023\/10\/MILLONES-1024x503.jpg\" alt=\"\" class=\"wp-image-37764\" srcset=\"https:\/\/elinformante.mx\/wp-content\/uploads\/2023\/10\/MILLONES-1024x503.jpg 1024w, https:\/\/elinformante.mx\/wp-content\/uploads\/2023\/10\/MILLONES-300x147.jpg 300w, https:\/\/elinformante.mx\/wp-content\/uploads\/2023\/10\/MILLONES-768x377.jpg 768w, https:\/\/elinformante.mx\/wp-content\/uploads\/2023\/10\/MILLONES-580x285.jpg 580w, https:\/\/elinformante.mx\/wp-content\/uploads\/2023\/10\/MILLONES-860x422.jpg 860w, https:\/\/elinformante.mx\/wp-content\/uploads\/2023\/10\/MILLONES.jpg 1140w\" sizes=\"(max-width: 1024px) 100vw, 1024px\" \/><\/figure>\n","protected":false},"excerpt":{"rendered":"<p>Un estudio indica que el 51% de las personas mayores a 60 a\u00f1os que viven solas, \u201cs\u00f3lo quieren que les hagan compa\u00f1\u00eda\u201d. El Instituto Nacional de Estad\u00edstica y Geograf\u00eda (Inegi) public\u00f3 que 13.2 millones de personas mayores a 60 a\u00f1os no son cuidados ni por sus familias ni por alguna instituci\u00f3n; adem\u00e1s, el 51.2% de [&hellip;]<\/p>\n","protected":false},"author":1,"featured_media":37760,"comment_status":"closed","ping_status":"closed","sticky":false,"template":"","format":"standard","meta":{"footnotes":""},"categories":[30,31],"tags":[],"class_list":["post-37759","post","type-post","status-publish","format-standard","has-post-thumbnail","hentry","category-destacado","category-portada"],"_links":{"self":[{"href":"https:\/\/elinformante.mx\/index.php?rest_route=\/wp\/v2\/posts\/37759","targetHints":{"allow":["GET"]}}],"collection":[{"href":"https:\/\/elinformante.mx\/index.php?rest_route=\/wp\/v2\/posts"}],"about":[{"href":"https:\/\/elinformante.mx\/index.php?rest_route=\/wp\/v2\/types\/post"}],"author":[{"embeddable":true,"href":"https:\/\/elinformante.mx\/index.php?rest_route=\/wp\/v2\/users\/1"}],"replies":[{"embeddable":true,"href":"https:\/\/elinformante.mx\/index.php?rest_route=%2Fwp%2Fv2%2Fcomments&post=37759"}],"version-history":[{"count":0,"href":"https:\/\/elinformante.mx\/index.php?rest_route=\/wp\/v2\/posts\/37759\/revisions"}],"wp:featuredmedia":[{"embeddable":true,"href":"https:\/\/elinformante.mx\/index.php?rest_route=\/wp\/v2\/media\/37760"}],"wp:attachment":[{"href":"https:\/\/elinformante.mx\/index.php?rest_route=%2Fwp%2Fv2%2Fmedia&parent=37759"}],"wp:term":[{"taxonomy":"category","embeddable":true,"href":"https:\/\/elinformante.mx\/index.php?rest_route=%2Fwp%2Fv2%2Fcategories&post=37759"},{"taxonomy":"post_tag","embeddable":true,"href":"https:\/\/elinformante.mx\/index.php?rest_route=%2Fwp%2Fv2%2Ftags&post=37759"}],"curies":[{"name":"wp","href":"https:\/\/api.w.org\/{rel}","templated":true}]}}