{"id":37770,"date":"2023-10-04T15:09:04","date_gmt":"2023-10-04T15:09:04","guid":{"rendered":"https:\/\/elinformante.mx\/?p=37770"},"modified":"2023-10-05T05:39:30","modified_gmt":"2023-10-05T05:39:30","slug":"abierto-mexicano-de-tenis-2024-contara-con-la-presencia-de-cinco-tenistas-top-ten","status":"publish","type":"post","link":"https:\/\/elinformante.mx\/?p=37770","title":{"rendered":"Abierto Mexicano de Tenis 2024 contar\u00e1 con la presencia de cinco tenistas top ten"},"content":{"rendered":"\n<blockquote class=\"wp-block-quote is-layout-flow wp-block-quote-is-layout-flow\">\n<p>El grupo encabezado por Holger Rune ha confirmado su presencia para el torneo que se disputar\u00e1 en Acapulco a principios del pr\u00f3ximo a\u00f1o.<\/p>\n<\/blockquote>\n\n\n\n<p>Siguen las buenas noticias para el deporte blanco en nuestro pa\u00eds, en esta ocasi\u00f3n fue el turno para el Abierto Mexicano de Tenis en Acapulco, ya que en la ma\u00f1ana de este martes se confirm\u00f3 a trav\u00e9s de una conferencia de prensa la participaci\u00f3n de cinco tenistas del top 10: Holger Rune (4), Stefanos Tsitsipas (5), Taylor Fritz (8), Casper Ruud (9) y Alexander Zverev (10).<br><\/p>\n\n\n\n<p>La edici\u00f3n XXXI de este evento de ATP 500 se llevar\u00e1 a cabo del 26 de febrero al 2 de marzo de 2024 y tambi\u00e9n contar\u00e1 con la presencia de Frances Tiafoe (11), Tommy Paul (13), Lorenzo Musetti (18), Grigor Dimitrov (19) y Ben Shelton (20), dando un total de 10 tenistas del top 20.<br><\/p>\n\n\n\n<figure class=\"wp-block-image size-large\"><img fetchpriority=\"high\" decoding=\"async\" width=\"1024\" height=\"503\" src=\"https:\/\/elinformante.mx\/wp-content\/uploads\/2023\/10\/ABIERTO-1024x503.jpg\" alt=\"\" class=\"wp-image-37772\" srcset=\"https:\/\/elinformante.mx\/wp-content\/uploads\/2023\/10\/ABIERTO-1024x503.jpg 1024w, https:\/\/elinformante.mx\/wp-content\/uploads\/2023\/10\/ABIERTO-300x147.jpg 300w, https:\/\/elinformante.mx\/wp-content\/uploads\/2023\/10\/ABIERTO-768x377.jpg 768w, https:\/\/elinformante.mx\/wp-content\/uploads\/2023\/10\/ABIERTO-580x285.jpg 580w, https:\/\/elinformante.mx\/wp-content\/uploads\/2023\/10\/ABIERTO-860x422.jpg 860w, https:\/\/elinformante.mx\/wp-content\/uploads\/2023\/10\/ABIERTO.jpg 1140w\" sizes=\"(max-width: 1024px) 100vw, 1024px\" \/><\/figure>\n\n\n\n<p>\u201cNos emociona que el torneo de tenis n\u00famero 1 en M\u00e9xico y Latinoam\u00e9rica est\u00e9 anunciando una amplia lista de estrellas para esta edici\u00f3n\u201d, se\u00f1al\u00f3 \u00c1lvaro Falla, CEO de Mextenis.<br><\/p>\n\n\n\n<p>Recordemos que en 2023 el campe\u00f3n del torneo fue el australiano Alex de Mi\u00f1aur, n\u00famero ocho del mundo, venciendo en la final a Tommy Paul, quien en este momento era el s\u00e9ptimo mejor tenista en el ranking de la ATP.<br><\/p>\n\n\n\n<p>Cabe mencionar que algunos tenistas estar\u00e1n presentes en el Abierto de Los Cabos, el cual se celebrar\u00e1 una semana antes, y as\u00ed los aficionados de la raqueta disfruten m\u00e1s de diez d\u00edas de este deportes en dos de las mejores playas de nuestro pa\u00eds y los mejores tenistas acepten venir a M\u00e9xico a jugar dos torneos.<\/p>\n","protected":false},"excerpt":{"rendered":"<p>El grupo encabezado por Holger Rune ha confirmado su presencia para el torneo que se disputar\u00e1 en Acapulco a principios del pr\u00f3ximo a\u00f1o. Siguen las buenas noticias para el deporte blanco en nuestro pa\u00eds, en esta ocasi\u00f3n fue el turno para el Abierto Mexicano de Tenis en Acapulco, ya que en la ma\u00f1ana de este [&hellip;]<\/p>\n","protected":false},"author":1,"featured_media":37771,"comment_status":"closed","ping_status":"closed","sticky":false,"template":"","format":"standard","meta":{"footnotes":""},"categories":[38],"tags":[],"class_list":["post-37770","post","type-post","status-publish","format-standard","has-post-thumbnail","hentry","category-deportes"],"_links":{"self":[{"href":"https:\/\/elinformante.mx\/index.php?rest_route=\/wp\/v2\/posts\/37770","targetHints":{"allow":["GET"]}}],"collection":[{"href":"https:\/\/elinformante.mx\/index.php?rest_route=\/wp\/v2\/posts"}],"about":[{"href":"https:\/\/elinformante.mx\/index.php?rest_route=\/wp\/v2\/types\/post"}],"author":[{"embeddable":true,"href":"https:\/\/elinformante.mx\/index.php?rest_route=\/wp\/v2\/users\/1"}],"replies":[{"embeddable":true,"href":"https:\/\/elinformante.mx\/index.php?rest_route=%2Fwp%2Fv2%2Fcomments&post=37770"}],"version-history":[{"count":0,"href":"https:\/\/elinformante.mx\/index.php?rest_route=\/wp\/v2\/posts\/37770\/revisions"}],"wp:featuredmedia":[{"embeddable":true,"href":"https:\/\/elinformante.mx\/index.php?rest_route=\/wp\/v2\/media\/37771"}],"wp:attachment":[{"href":"https:\/\/elinformante.mx\/index.php?rest_route=%2Fwp%2Fv2%2Fmedia&parent=37770"}],"wp:term":[{"taxonomy":"category","embeddable":true,"href":"https:\/\/elinformante.mx\/index.php?rest_route=%2Fwp%2Fv2%2Fcategories&post=37770"},{"taxonomy":"post_tag","embeddable":true,"href":"https:\/\/elinformante.mx\/index.php?rest_route=%2Fwp%2Fv2%2Ftags&post=37770"}],"curies":[{"name":"wp","href":"https:\/\/api.w.org\/{rel}","templated":true}]}}