{"id":37778,"date":"2023-10-04T15:11:17","date_gmt":"2023-10-04T15:11:17","guid":{"rendered":"https:\/\/elinformante.mx\/?p=37778"},"modified":"2023-10-05T05:39:30","modified_gmt":"2023-10-05T05:39:30","slug":"detienen-a-familia-por-desaparicion-de-embarazada-en-cuautitlan-izcalli","status":"publish","type":"post","link":"https:\/\/elinformante.mx\/?p=37778","title":{"rendered":"Detienen a familia por desaparici\u00f3n de embarazada en Cuautitl\u00e1n Izcalli"},"content":{"rendered":"\n<blockquote class=\"wp-block-quote is-layout-flow wp-block-quote-is-layout-flow\">\n<p>C\u00e1maras de videovigilancia revelaron que la v\u00edctima estuvo en la casa de los ahora detenidos.<\/p>\n<\/blockquote>\n\n\n\n<p>Un matrimonio y su hija fueron detenidos por elementos de la Fiscal\u00eda General de Justicia del Estado de M\u00e9xico por la desaparici\u00f3n de una mujer embarazada de iniciales T.L.A., informaron autoridades de la FGJEM.<br><\/p>\n\n\n\n<p>Los tres integrantes de una familia, identificados como Alfonso de 64 a\u00f1os, Mar\u00eda Elena de 56 a\u00f1os y Yualin de 19 a\u00f1os, son investigados por su probable participaci\u00f3n en la desaparici\u00f3n cometida por particulares, en contra de la embarazada que fue vista por \u00faltima vez el pasado 31 de julio en Cuautitl\u00e1n Izcalli.<br><\/p>\n\n\n\n<p>De acuerdo con la investigaci\u00f3n iniciada por la Fiscal\u00eda del Estado de M\u00e9xico, fue posible determinar que la noche de esa fecha, la v\u00edctima de 34 a\u00f1os de edad lleg\u00f3 a la casa de los hoy detenidos, ubicado en la colonia Santa Mar\u00eda Guadalupe Las Torres en Cuautitl\u00e1n Izcalli. Desde ese momento se desconoce el paradero de esta mujer.<br><\/p>\n\n\n\n<p>El 2 de agosto de este a\u00f1o, familiares de la v\u00edctima reportaron su ausencia ante la Fiscal\u00eda mexiquense, por lo que fue emitido bolet\u00edn de b\u00fasqueda e iniciada una indagatoria para esclarecer los hechos.<br><\/p>\n\n\n\n<p>Personal de la FGJEM llev\u00f3 a cabo diversos actos de investigaci\u00f3n por este il\u00edcito, entre ellas realiz\u00f3 entrevistas a testigos y revis\u00f3 videograbaciones de inmuebles aleda\u00f1os al domicilio de la colonia Santa Mar\u00eda Guadalupe Las Torres, en las que se observa a la v\u00edctima llegar a dicha casa habitaci\u00f3n, de donde presumiblemente ya no sali\u00f3.<br><\/p>\n\n\n\n<p>Con estas diligencias y otros actos de investigaci\u00f3n realizados, el Agente del Ministerio P\u00fablico se alleg\u00f3 de datos de prueba, los cuales fueron presentados ante un juez, quien otorg\u00f3 orden de aprehensi\u00f3n en contra de estas tres personas, presumiblemente relacionadas con la desaparici\u00f3n de la v\u00edctima.<br><\/p>\n\n\n\n<p>Mediante un operativo de la Fiscal\u00eda General de Justicia del Estado de M\u00e9xico, fue posible la captura de estos tres investigados quienes son integrantes de una familia, posteriormente fueron ingresados a Centros Penitenciarios y de Reinserci\u00f3n Social, a disposici\u00f3n del \u00d3rgano Jurisdiccional, quien determinar\u00e1 su situaci\u00f3n legal. Para el ingreso de los detenidos al Penal estatal se cont\u00f3 con el apoyo de elementos de la Secretar\u00eda de Seguridad estatal.<\/p>\n","protected":false},"excerpt":{"rendered":"<p>C\u00e1maras de videovigilancia revelaron que la v\u00edctima estuvo en la casa de los ahora detenidos. Un matrimonio y su hija fueron detenidos por elementos de la Fiscal\u00eda General de Justicia del Estado de M\u00e9xico por la desaparici\u00f3n de una mujer embarazada de iniciales T.L.A., informaron autoridades de la FGJEM. Los tres integrantes de una familia, [&hellip;]<\/p>\n","protected":false},"author":1,"featured_media":37779,"comment_status":"closed","ping_status":"closed","sticky":false,"template":"","format":"standard","meta":{"footnotes":""},"categories":[36,37],"tags":[],"class_list":["post-37778","post","type-post","status-publish","format-standard","has-post-thumbnail","hentry","category-edomex","category-justicia"],"_links":{"self":[{"href":"https:\/\/elinformante.mx\/index.php?rest_route=\/wp\/v2\/posts\/37778","targetHints":{"allow":["GET"]}}],"collection":[{"href":"https:\/\/elinformante.mx\/index.php?rest_route=\/wp\/v2\/posts"}],"about":[{"href":"https:\/\/elinformante.mx\/index.php?rest_route=\/wp\/v2\/types\/post"}],"author":[{"embeddable":true,"href":"https:\/\/elinformante.mx\/index.php?rest_route=\/wp\/v2\/users\/1"}],"replies":[{"embeddable":true,"href":"https:\/\/elinformante.mx\/index.php?rest_route=%2Fwp%2Fv2%2Fcomments&post=37778"}],"version-history":[{"count":0,"href":"https:\/\/elinformante.mx\/index.php?rest_route=\/wp\/v2\/posts\/37778\/revisions"}],"wp:featuredmedia":[{"embeddable":true,"href":"https:\/\/elinformante.mx\/index.php?rest_route=\/wp\/v2\/media\/37779"}],"wp:attachment":[{"href":"https:\/\/elinformante.mx\/index.php?rest_route=%2Fwp%2Fv2%2Fmedia&parent=37778"}],"wp:term":[{"taxonomy":"category","embeddable":true,"href":"https:\/\/elinformante.mx\/index.php?rest_route=%2Fwp%2Fv2%2Fcategories&post=37778"},{"taxonomy":"post_tag","embeddable":true,"href":"https:\/\/elinformante.mx\/index.php?rest_route=%2Fwp%2Fv2%2Ftags&post=37778"}],"curies":[{"name":"wp","href":"https:\/\/api.w.org\/{rel}","templated":true}]}}