{"id":37781,"date":"2023-10-04T15:12:16","date_gmt":"2023-10-04T15:12:16","guid":{"rendered":"https:\/\/elinformante.mx\/?p=37781"},"modified":"2023-10-05T05:39:31","modified_gmt":"2023-10-05T05:39:31","slug":"policias-municipales-son-los-mas-denunciados-de-acuerdo-a-cifras-de-la-fiscalia-mexiquense","status":"publish","type":"post","link":"https:\/\/elinformante.mx\/?p=37781","title":{"rendered":"Polic\u00edas municipales son los m\u00e1s denunciados de acuerdo a cifras de la Fiscal\u00eda mexiquense"},"content":{"rendered":"\n<blockquote class=\"wp-block-quote is-layout-flow wp-block-quote-is-layout-flow\">\n<p>La polic\u00eda municipal debe ser una instancia de orden, seguridad y sobre todo confianza para la ciudadan\u00eda.<\/p>\n<\/blockquote>\n\n\n\n<p>Los elementos de polic\u00eda no son muy reconocidos y, constantemente, han sido blanco de repudio por parte de la ciudadan\u00eda, como aquella vez que quisieron linchar a uno de ellos por querer darse a la fuga tras atropellar a una mujer.<br><\/p>\n\n\n\n<p>Y ahora se suman datos duros que revelan cierta tendencia negativa sobre polic\u00edas municipales.<br><\/p>\n\n\n\n<p>La estad\u00edstica revela poca efectividad y denuncias de la propia ciudadan\u00eda en contra de los agentes. Aqu\u00ed te contamos m\u00e1s detalles al respecto.<br><\/p>\n\n\n\n<p>Con base en datos de la Fiscal\u00eda General de Justicia del Edomex, en 2022 se iniciaron mil 725 actas en contra de polic\u00edas municipales, lo que genera un promedio de 4.7 diarias. Posteriormente, en segundo lugar, el mayor n\u00famero de actas iniciadas fueron contra agentes del Ministerio P\u00fablico con 559, lo que equivale a 1.5 al d\u00eda.<br><\/p>\n\n\n\n<p>Finalmente, en tercer lugar, las polic\u00edas m\u00e1s denunciadas fueron las de Tr\u00e1nsito con 550 actas iniciadas. Les siguen las de polic\u00edas de investigaci\u00f3n con 384. Se estima que apenas 125 se judicializaron.<br><\/p>\n\n\n\n<p>De acuerdo a los dichos del presidente Andr\u00e9s Manuel L\u00f3pez Obrador durante su conferencia de prensa, la percepci\u00f3n de confianza de la gente en M\u00e9xico hacia la polic\u00eda ministerial es del 59.1% en M\u00e9xico. Para la evaluaci\u00f3n de la polic\u00eda estatal, esta es del 58.4%. Finalmente, para las polic\u00edas municipales es de 55.7% mientras que los oficiales de tr\u00e1nsito se llevan un 47%.<br><\/p>\n\n\n\n<p>Este sondeo revelar\u00eda que la polic\u00eda vial ser\u00eda la peor evaluada en M\u00e9xico por la ciudadan\u00eda. De la misma manera, el mandatario enfatiz\u00f3 sobre las \u201cmordidas\u201d que el pueblo asumi\u00f3 como \u201ccorrupci\u00f3n\u201d eran m\u00e1s frecuentes.<\/p>\n","protected":false},"excerpt":{"rendered":"<p>La polic\u00eda municipal debe ser una instancia de orden, seguridad y sobre todo confianza para la ciudadan\u00eda. Los elementos de polic\u00eda no son muy reconocidos y, constantemente, han sido blanco de repudio por parte de la ciudadan\u00eda, como aquella vez que quisieron linchar a uno de ellos por querer darse a la fuga tras atropellar [&hellip;]<\/p>\n","protected":false},"author":1,"featured_media":37782,"comment_status":"closed","ping_status":"closed","sticky":false,"template":"","format":"standard","meta":{"footnotes":""},"categories":[36,37],"tags":[],"class_list":["post-37781","post","type-post","status-publish","format-standard","has-post-thumbnail","hentry","category-edomex","category-justicia"],"_links":{"self":[{"href":"https:\/\/elinformante.mx\/index.php?rest_route=\/wp\/v2\/posts\/37781","targetHints":{"allow":["GET"]}}],"collection":[{"href":"https:\/\/elinformante.mx\/index.php?rest_route=\/wp\/v2\/posts"}],"about":[{"href":"https:\/\/elinformante.mx\/index.php?rest_route=\/wp\/v2\/types\/post"}],"author":[{"embeddable":true,"href":"https:\/\/elinformante.mx\/index.php?rest_route=\/wp\/v2\/users\/1"}],"replies":[{"embeddable":true,"href":"https:\/\/elinformante.mx\/index.php?rest_route=%2Fwp%2Fv2%2Fcomments&post=37781"}],"version-history":[{"count":0,"href":"https:\/\/elinformante.mx\/index.php?rest_route=\/wp\/v2\/posts\/37781\/revisions"}],"wp:featuredmedia":[{"embeddable":true,"href":"https:\/\/elinformante.mx\/index.php?rest_route=\/wp\/v2\/media\/37782"}],"wp:attachment":[{"href":"https:\/\/elinformante.mx\/index.php?rest_route=%2Fwp%2Fv2%2Fmedia&parent=37781"}],"wp:term":[{"taxonomy":"category","embeddable":true,"href":"https:\/\/elinformante.mx\/index.php?rest_route=%2Fwp%2Fv2%2Fcategories&post=37781"},{"taxonomy":"post_tag","embeddable":true,"href":"https:\/\/elinformante.mx\/index.php?rest_route=%2Fwp%2Fv2%2Ftags&post=37781"}],"curies":[{"name":"wp","href":"https:\/\/api.w.org\/{rel}","templated":true}]}}