{"id":37798,"date":"2023-10-04T15:18:27","date_gmt":"2023-10-04T15:18:27","guid":{"rendered":"https:\/\/elinformante.mx\/?p=37798"},"modified":"2023-10-05T05:39:29","modified_gmt":"2023-10-05T05:39:29","slug":"alianzas-con-la-iniciativa-privada-siguen-beneficiando-a-vecinos-de-la-alcaldia-alvaro-obregon-lia-limon","status":"publish","type":"post","link":"https:\/\/elinformante.mx\/?p=37798","title":{"rendered":"Alianzas con la iniciativa privada siguen beneficiando a vecinos de la alcald\u00eda \u00c1lvaro Obreg\u00f3n: L\u00eda Lim\u00f3n"},"content":{"rendered":"\n<blockquote class=\"wp-block-quote is-layout-flow wp-block-quote-is-layout-flow\">\n<p>En \u00c1lvaro Obreg\u00f3n las alianzas con la iniciativa privada han permitido recuperar espacios, fortalecer las estancias infantiles y dar empleo a miles de personas, expres\u00f3 la alcaldesa L\u00eda Lim\u00f3n.<\/p>\n<\/blockquote>\n\n\n\n<p>En \u00c1lvaro Obreg\u00f3n las alianzas con la iniciativa privada han permitido recuperar espacios, fortalecer las estancias infantiles y dar empleo a miles de personas, entre otras acciones en beneficio de la comunidad, expres\u00f3 la alcaldesa L\u00eda Lim\u00f3n durante la reinauguraci\u00f3n de Porsche Centre San \u00c1ngel.<br><\/p>\n\n\n\n<p>La alcaldesa destac\u00f3: \u201csiempre es un gusto estar con empresas exitosas, que son l\u00edderes en sus ramos, que invierten porque ven el potencial que hay en M\u00e9xico, en la ciudad y en la alcald\u00eda, que generan empleo y tambi\u00e9n, empresas comprometidas con la comunidad\u201d.<br><\/p>\n\n\n\n<figure class=\"wp-block-image size-large\"><img fetchpriority=\"high\" decoding=\"async\" width=\"1024\" height=\"503\" src=\"https:\/\/elinformante.mx\/wp-content\/uploads\/2023\/10\/ALIANZAS-2-1024x503.jpg\" alt=\"\" class=\"wp-image-37800\" srcset=\"https:\/\/elinformante.mx\/wp-content\/uploads\/2023\/10\/ALIANZAS-2-1024x503.jpg 1024w, https:\/\/elinformante.mx\/wp-content\/uploads\/2023\/10\/ALIANZAS-2-300x147.jpg 300w, https:\/\/elinformante.mx\/wp-content\/uploads\/2023\/10\/ALIANZAS-2-768x377.jpg 768w, https:\/\/elinformante.mx\/wp-content\/uploads\/2023\/10\/ALIANZAS-2-580x285.jpg 580w, https:\/\/elinformante.mx\/wp-content\/uploads\/2023\/10\/ALIANZAS-2-860x422.jpg 860w, https:\/\/elinformante.mx\/wp-content\/uploads\/2023\/10\/ALIANZAS-2.jpg 1140w\" sizes=\"(max-width: 1024px) 100vw, 1024px\" \/><\/figure>\n\n\n\n<p>En ese marco, anunci\u00f3 dos proyectos que pronto se estar\u00e1n realizando de manera conjunta: a finales de octubre, se impartir\u00e1 un \u201cService Clinic\u201d en el que podr\u00e1n participar vecinas de la alcald\u00eda, quienes podr\u00e1n conocer los distintos sistemas de un veh\u00edculo, identificar fallas y saber qu\u00e9 hacer en caso de emergencias.<br><\/p>\n\n\n\n<p>Adem\u00e1s: una estrategia para solucionar la problem\u00e1tica de agua y espacios de recreaci\u00f3n en los asentamientos vulnerables, a trav\u00e9s de la fundaci\u00f3n TECHO, con la que Porsche Latinoam\u00e9rica trabaja desde hace m\u00e1s de 10 a\u00f1os.<br><\/p>\n\n\n\n<p>Al reconocer la solidaridad de Mauricio Cant\u00fa, director general de Porsche Latin America; Jean Vitt, vicepresidente y miembro del Consejo Ejecutivo de Volkswagen de M\u00e9xico y Camilo San Mart\u00edn, director general de Porsche M\u00e9xico, la alcaldesa subray\u00f3: \u201cme da gusto que ahora Porsche se sume a nuestro grupo de aliados. Conf\u00edo en que juntos vamos a lograr mucho en beneficio de esta demarcaci\u00f3n\u201d.<\/p>\n","protected":false},"excerpt":{"rendered":"<p>En \u00c1lvaro Obreg\u00f3n las alianzas con la iniciativa privada han permitido recuperar espacios, fortalecer las estancias infantiles y dar empleo a miles de personas, expres\u00f3 la alcaldesa L\u00eda Lim\u00f3n. En \u00c1lvaro Obreg\u00f3n las alianzas con la iniciativa privada han permitido recuperar espacios, fortalecer las estancias infantiles y dar empleo a miles de personas, entre otras [&hellip;]<\/p>\n","protected":false},"author":1,"featured_media":37799,"comment_status":"closed","ping_status":"closed","sticky":false,"template":"","format":"standard","meta":{"footnotes":""},"categories":[35],"tags":[],"class_list":["post-37798","post","type-post","status-publish","format-standard","has-post-thumbnail","hentry","category-cdmx"],"_links":{"self":[{"href":"https:\/\/elinformante.mx\/index.php?rest_route=\/wp\/v2\/posts\/37798","targetHints":{"allow":["GET"]}}],"collection":[{"href":"https:\/\/elinformante.mx\/index.php?rest_route=\/wp\/v2\/posts"}],"about":[{"href":"https:\/\/elinformante.mx\/index.php?rest_route=\/wp\/v2\/types\/post"}],"author":[{"embeddable":true,"href":"https:\/\/elinformante.mx\/index.php?rest_route=\/wp\/v2\/users\/1"}],"replies":[{"embeddable":true,"href":"https:\/\/elinformante.mx\/index.php?rest_route=%2Fwp%2Fv2%2Fcomments&post=37798"}],"version-history":[{"count":0,"href":"https:\/\/elinformante.mx\/index.php?rest_route=\/wp\/v2\/posts\/37798\/revisions"}],"wp:featuredmedia":[{"embeddable":true,"href":"https:\/\/elinformante.mx\/index.php?rest_route=\/wp\/v2\/media\/37799"}],"wp:attachment":[{"href":"https:\/\/elinformante.mx\/index.php?rest_route=%2Fwp%2Fv2%2Fmedia&parent=37798"}],"wp:term":[{"taxonomy":"category","embeddable":true,"href":"https:\/\/elinformante.mx\/index.php?rest_route=%2Fwp%2Fv2%2Fcategories&post=37798"},{"taxonomy":"post_tag","embeddable":true,"href":"https:\/\/elinformante.mx\/index.php?rest_route=%2Fwp%2Fv2%2Ftags&post=37798"}],"curies":[{"name":"wp","href":"https:\/\/api.w.org\/{rel}","templated":true}]}}