{"id":37805,"date":"2023-10-04T15:20:38","date_gmt":"2023-10-04T15:20:38","guid":{"rendered":"https:\/\/elinformante.mx\/?p=37805"},"modified":"2023-10-05T05:39:30","modified_gmt":"2023-10-05T05:39:30","slug":"mexico-de-los-paises-con-mas-niveles-de-pobreza-y-desigualdad-ocde","status":"publish","type":"post","link":"https:\/\/elinformante.mx\/?p=37805","title":{"rendered":"M\u00e9xico de los pa\u00edses con m\u00e1s niveles de pobreza y desigualdad: OCDE"},"content":{"rendered":"\n<blockquote class=\"wp-block-quote is-layout-flow wp-block-quote-is-layout-flow\">\n<p>M\u00e9xico tiene un \u00edndice de brecha de pobreza de 34.2, por encima del promedio de 28.7 del resto de los pa\u00edses de la organizaci\u00f3n.<\/p>\n<\/blockquote>\n\n\n\n<p>La Organizaci\u00f3n para la Cooperaci\u00f3n y el Desarrollo Econ\u00f3micos (OCDE), se\u00f1al\u00f3 y advirti\u00f3, pese a los programas sociales del Gobierno Federal, que M\u00e9xico mantiene niveles de pobreza y desigualdad y es de los m\u00e1s altos dentro del grupo de 38 pa\u00edses, que incluye a Chile, Colombia y Costa Rica.<br><\/p>\n\n\n\n<p>En su informe anual sobre reformas estructurales, report\u00f3 que M\u00e9xico tiene un \u00edndice de brecha de pobreza de 34.2, por encima del promedio de 28.7 del resto de los pa\u00edses de la organizaci\u00f3n.<br><\/p>\n\n\n\n<p>Asimismo, el \u00edndice de Gini, que mide la desigualdad de ingresos en una escala de 0 a 100, se sit\u00faa en el 42, lo que representa una diferencia de 10 puntos por encima del promedio de la OCDE.<br><\/p>\n\n\n\n<p>Adem\u00e1s, indic\u00f3 que el 55 por ciento de los trabajadores son informales, \u201clo que es una causa y consecuencia de baja productividad\u201d. Sugiere la implementaci\u00f3n de un sistema de seguro de desempleo a nivel federal.<br><\/p>\n\n\n\n<p>El reciente informe del Coneval contabiliz\u00f3 46.8 millones de mexicanos en situaci\u00f3n de pobreza en 2022, casi 16 por ciento menos que los 55.7 millones de 2020; es decir, el porcentaje de poblaci\u00f3n en situaci\u00f3n de pobreza baj\u00f3 a 36.3 % en 2022 frente a la proporci\u00f3n de 43.9 % de 2020.<\/p>\n","protected":false},"excerpt":{"rendered":"<p>M\u00e9xico tiene un \u00edndice de brecha de pobreza de 34.2, por encima del promedio de 28.7 del resto de los pa\u00edses de la organizaci\u00f3n. La Organizaci\u00f3n para la Cooperaci\u00f3n y el Desarrollo Econ\u00f3micos (OCDE), se\u00f1al\u00f3 y advirti\u00f3, pese a los programas sociales del Gobierno Federal, que M\u00e9xico mantiene niveles de pobreza y desigualdad y es [&hellip;]<\/p>\n","protected":false},"author":1,"featured_media":37806,"comment_status":"closed","ping_status":"closed","sticky":false,"template":"","format":"standard","meta":{"footnotes":""},"categories":[34],"tags":[],"class_list":["post-37805","post","type-post","status-publish","format-standard","has-post-thumbnail","hentry","category-nacional"],"_links":{"self":[{"href":"https:\/\/elinformante.mx\/index.php?rest_route=\/wp\/v2\/posts\/37805","targetHints":{"allow":["GET"]}}],"collection":[{"href":"https:\/\/elinformante.mx\/index.php?rest_route=\/wp\/v2\/posts"}],"about":[{"href":"https:\/\/elinformante.mx\/index.php?rest_route=\/wp\/v2\/types\/post"}],"author":[{"embeddable":true,"href":"https:\/\/elinformante.mx\/index.php?rest_route=\/wp\/v2\/users\/1"}],"replies":[{"embeddable":true,"href":"https:\/\/elinformante.mx\/index.php?rest_route=%2Fwp%2Fv2%2Fcomments&post=37805"}],"version-history":[{"count":0,"href":"https:\/\/elinformante.mx\/index.php?rest_route=\/wp\/v2\/posts\/37805\/revisions"}],"wp:featuredmedia":[{"embeddable":true,"href":"https:\/\/elinformante.mx\/index.php?rest_route=\/wp\/v2\/media\/37806"}],"wp:attachment":[{"href":"https:\/\/elinformante.mx\/index.php?rest_route=%2Fwp%2Fv2%2Fmedia&parent=37805"}],"wp:term":[{"taxonomy":"category","embeddable":true,"href":"https:\/\/elinformante.mx\/index.php?rest_route=%2Fwp%2Fv2%2Fcategories&post=37805"},{"taxonomy":"post_tag","embeddable":true,"href":"https:\/\/elinformante.mx\/index.php?rest_route=%2Fwp%2Fv2%2Ftags&post=37805"}],"curies":[{"name":"wp","href":"https:\/\/api.w.org\/{rel}","templated":true}]}}