{"id":37808,"date":"2023-10-04T15:21:27","date_gmt":"2023-10-04T15:21:27","guid":{"rendered":"https:\/\/elinformante.mx\/?p=37808"},"modified":"2023-10-05T05:39:30","modified_gmt":"2023-10-05T05:39:30","slug":"si-defiendo-al-ejercito-y-a-las-fuerzas-armadas-dice-amlo","status":"publish","type":"post","link":"https:\/\/elinformante.mx\/?p=37808","title":{"rendered":"S\u00ed, defiendo al Ej\u00e9rcito y a las Fuerzas Armadas, dice AMLO"},"content":{"rendered":"\n<blockquote class=\"wp-block-quote is-layout-flow wp-block-quote-is-layout-flow\">\n<p>L\u00f3pez Obrador acus\u00f3 que los presidentes en turno son los que han llevado a cometer los errores a los miembros del Ej\u00e9rcito.<\/p>\n<\/blockquote>\n\n\n\n<p>Al manifestar que \u201cs\u00ed, defiendo al Ej\u00e9rcito\u201d, el presidente Andr\u00e9s Manuel L\u00f3pez Obrador dijo que si el Ej\u00e9rcito ha cometido errores es por malas decisiones de las autoridades civiles.<br><\/p>\n\n\n\n<p>L\u00f3pez Obrador acus\u00f3 que los presidentes en turno son los que han llevado a cometer los errores a los miembros del Ej\u00e9rcito y asegur\u00f3 que es responsabilidad del Presidente de M\u00e9xico defender las instituciones principalmente al Ej\u00e9rcito mexicano, y que las Fuerzas Armadas tienen el respaldo del pueblo de M\u00e9xico.<br><\/p>\n\n\n\n<p>\u201c\u00bfEn todos sus a\u00f1os de lucha pens\u00f3 que iba a ser un gran defensor del Ejercito\u2019\u201d, se le pregunt\u00f3?<br><\/p>\n\n\n\n<p>\u201cS\u00ed, si imagin\u00e9, porque como conozco la historia (\u2026) Cuando han cometido errores, que los han cometido, ha sido fundamentalmente por \u00f3rdenes de autoridades civiles, por \u00f3rdenes de los presidentes civiles.<br><\/p>\n\n\n\n<p>\u201cEntonces, s\u00ed, tienes raz\u00f3n, defiendo al Ej\u00e9rcito y defiendo a las Fuerzas Armadas. \u00bfY saben qui\u00e9n tambi\u00e9n defiende al Ej\u00e9rcito y defiende a las Fuerzas Armadas? La mayor\u00eda del pueblo de M\u00e9xico\u201d, manifest\u00f3.<br><\/p>\n\n\n\n<figure class=\"wp-block-image size-large\"><img fetchpriority=\"high\" decoding=\"async\" width=\"1024\" height=\"503\" src=\"https:\/\/elinformante.mx\/wp-content\/uploads\/2023\/10\/SI-DEFIENDO-1024x503.jpg\" alt=\"\" class=\"wp-image-37810\" srcset=\"https:\/\/elinformante.mx\/wp-content\/uploads\/2023\/10\/SI-DEFIENDO-1024x503.jpg 1024w, https:\/\/elinformante.mx\/wp-content\/uploads\/2023\/10\/SI-DEFIENDO-300x147.jpg 300w, https:\/\/elinformante.mx\/wp-content\/uploads\/2023\/10\/SI-DEFIENDO-768x377.jpg 768w, https:\/\/elinformante.mx\/wp-content\/uploads\/2023\/10\/SI-DEFIENDO-580x285.jpg 580w, https:\/\/elinformante.mx\/wp-content\/uploads\/2023\/10\/SI-DEFIENDO-860x422.jpg 860w, https:\/\/elinformante.mx\/wp-content\/uploads\/2023\/10\/SI-DEFIENDO.jpg 1140w\" sizes=\"(max-width: 1024px) 100vw, 1024px\" \/><\/figure>\n\n\n\n<p>En conferencia de prensa en Palacio Nacional, L\u00f3pez Obrador se\u00f1al\u00f3 que el Ej\u00e9rcito mexicano est\u00e1 integrado por hombres y mujeres del pueblo, `por lo que es \u201cun Ej\u00e9rcito popular\u201d.<br><\/p>\n\n\n\n<p>\u201cConozco todos los pueblos de M\u00e9xico y en los pueblos de M\u00e9xico viven las familias de los soldados, y son hijos de campesinos, hijos de obreros, hijos de comerciantes, nada m\u00e1s para informarles a ustedes de las 25, 26 generales de divisi\u00f3n que hay en el pa\u00eds, la mayor\u00eda son hijos de campesinos, hijos de obreros, hijos de mec\u00e1nicos, hijos de comerciantes, hijos de militares, nuestro Ej\u00e9rcito es un Ej\u00e9rcito popular, por eso digo que el soldado es pueblo uniformado\u201d, dijo.<br><\/p>\n\n\n\n<p>Por otro lado, L\u00f3pez Obrador reafirm\u00f3 que el Gobierno de M\u00e9xico atiende a las y los j\u00f3venes de manera prioritaria a trav\u00e9s de oportunidades de trabajo y acciones que garantizan el derecho a la educaci\u00f3n, lo que abona a pacificar el pa\u00eds.<br><\/p>\n\n\n\n<p>Expuso que la Beca Universal para el Bienestar Benito Ju\u00e1rez de Educaci\u00f3n Media Superior beneficia a 4 millones de estudiantes.<br><\/p>\n\n\n\n<p>Adem\u00e1s, el programa J\u00f3venes Construyendo el Futuro en cinco a\u00f1os ha beneficiado con un salario m\u00ednimo mensual de 6 mil 310 pesos a 2 millones 600 mil mujeres y hombres aprendices. De este universo, dijo, el 60 por ciento obtuvo trabajo de manera permanente en los lugares donde recibieron capacitaci\u00f3n laboral.<br><\/p>\n\n\n\n<p>El mandatario record\u00f3 que esta iniciativa representa una inversi\u00f3n de 100 mil millones de pesos en lo que va del sexenio, en contraste con las cinco pasadas administraciones del periodo neoliberal que s\u00f3lo destinaron a la juventud 7 mil millones de pesos en total.<\/p>\n","protected":false},"excerpt":{"rendered":"<p>L\u00f3pez Obrador acus\u00f3 que los presidentes en turno son los que han llevado a cometer los errores a los miembros del Ej\u00e9rcito. Al manifestar que \u201cs\u00ed, defiendo al Ej\u00e9rcito\u201d, el presidente Andr\u00e9s Manuel L\u00f3pez Obrador dijo que si el Ej\u00e9rcito ha cometido errores es por malas decisiones de las autoridades civiles. L\u00f3pez Obrador acus\u00f3 que [&hellip;]<\/p>\n","protected":false},"author":1,"featured_media":37809,"comment_status":"closed","ping_status":"closed","sticky":false,"template":"","format":"standard","meta":{"footnotes":""},"categories":[34],"tags":[],"class_list":["post-37808","post","type-post","status-publish","format-standard","has-post-thumbnail","hentry","category-nacional"],"_links":{"self":[{"href":"https:\/\/elinformante.mx\/index.php?rest_route=\/wp\/v2\/posts\/37808","targetHints":{"allow":["GET"]}}],"collection":[{"href":"https:\/\/elinformante.mx\/index.php?rest_route=\/wp\/v2\/posts"}],"about":[{"href":"https:\/\/elinformante.mx\/index.php?rest_route=\/wp\/v2\/types\/post"}],"author":[{"embeddable":true,"href":"https:\/\/elinformante.mx\/index.php?rest_route=\/wp\/v2\/users\/1"}],"replies":[{"embeddable":true,"href":"https:\/\/elinformante.mx\/index.php?rest_route=%2Fwp%2Fv2%2Fcomments&post=37808"}],"version-history":[{"count":0,"href":"https:\/\/elinformante.mx\/index.php?rest_route=\/wp\/v2\/posts\/37808\/revisions"}],"wp:featuredmedia":[{"embeddable":true,"href":"https:\/\/elinformante.mx\/index.php?rest_route=\/wp\/v2\/media\/37809"}],"wp:attachment":[{"href":"https:\/\/elinformante.mx\/index.php?rest_route=%2Fwp%2Fv2%2Fmedia&parent=37808"}],"wp:term":[{"taxonomy":"category","embeddable":true,"href":"https:\/\/elinformante.mx\/index.php?rest_route=%2Fwp%2Fv2%2Fcategories&post=37808"},{"taxonomy":"post_tag","embeddable":true,"href":"https:\/\/elinformante.mx\/index.php?rest_route=%2Fwp%2Fv2%2Ftags&post=37808"}],"curies":[{"name":"wp","href":"https:\/\/api.w.org\/{rel}","templated":true}]}}