{"id":37818,"date":"2023-10-05T13:58:04","date_gmt":"2023-10-05T13:58:04","guid":{"rendered":"https:\/\/elinformante.mx\/?p=37818"},"modified":"2023-10-05T13:58:05","modified_gmt":"2023-10-05T13:58:05","slug":"juristas-del-pjedomex-convergen-en-torno-al-federalismo","status":"publish","type":"post","link":"https:\/\/elinformante.mx\/?p=37818","title":{"rendered":"Juristas del PJEdom\u00e9x convergen en torno al federalismo"},"content":{"rendered":"\n<blockquote class=\"wp-block-quote is-layout-flow wp-block-quote-is-layout-flow\">\n<p class=\"wp-block-paragraph\">Participaron la Ministra de la Suprema Corte de Justicia de la Naci\u00f3n, Margarita R\u00edos Farjat; el jurista Diego Valad\u00e9s; Alejandra Mart\u00ednez Ver\u00e1stegui de la SCJN, entre otros.<\/p>\n<\/blockquote>\n\n\n\n<p class=\"wp-block-paragraph\">La Ministra de la Suprema Corte de Justicia de la Naci\u00f3n, Ana Margarita R\u00edos Farjat, imparti\u00f3 conferencia magistral titulada \u201cEl constitucionalismo local en M\u00e9xico: estado de la cuesti\u00f3n y prospectiva\u201d en el \u201cCongreso Nacional de Federalismo Judicial 2023\u201d organizado por el Poder Judicial del Estado de M\u00e9xico.<br><\/p>\n\n\n\n<p class=\"wp-block-paragraph\">Defini\u00f3 el federalismo como una forma de resolver problemas, un pilar del orden constitucional mexicano e incluso una metodolog\u00eda de equilibrio de poderes, una manera de mantener una democracia con calidad.<br><\/p>\n\n\n\n<p class=\"wp-block-paragraph\">Durante su reflexi\u00f3n, R\u00edos Farjat destac\u00f3 la trascendencia que posee la operaci\u00f3n concreta y efectiva del principio federal para la configuraci\u00f3n de la Justicia constitucional en sede general y en sede local. \u201cNo es ninguna abstracci\u00f3n\u201d, afirm\u00f3. Explic\u00f3 que los estados son libres, soberanos y aut\u00f3nomos en su \u00e1mbito interno, unidos justamente en una federaci\u00f3n y que el l\u00edmite de esa autonom\u00eda est\u00e1 marcado en la propia Constituci\u00f3n.<br><\/p>\n\n\n\n<p class=\"wp-block-paragraph\">En este sentido, dijo que el federalismo es una forma de vivir la vida constitucional que une a las entidades a partir de reconocer las diferencias que hay entre ellas y alert\u00f3 que las reformas que tienden al centralismo y a la homologaci\u00f3n impiden que los legisladores locales modifiquen sus normas para adecuarlas a la realidad en la que viven.<br><\/p>\n\n\n\n<p class=\"wp-block-paragraph\">Al finalizar su conferencia, la ministra respondi\u00f3 a las preguntas que le formularon alumnas y alumnos de la Facultad de Derecho de la UAEMex, cerrando con su participaci\u00f3n un exitoso ciclo de an\u00e1lisis y comentarios de sentencias del m\u00e1ximo tribunal en el que durante varias sesiones participaron integrantes de su ponencia reunidos con las y los estudiantes mexiquenses. De hecho, su participaci\u00f3n fue moderada por la Mtra. Mar\u00eda Jos\u00e9 Bern\u00e1ldez, directora de la Facultad de Derecho.<br><\/p>\n\n\n\n<p class=\"wp-block-paragraph\">\u201cNuestra Constituci\u00f3n, su estructura, configuraci\u00f3n y conformaci\u00f3n, hace que nosotros mismos tengamos serias dificultades para que la hagamos comprensible al mexicano com\u00fan y si no hay conocimiento, no hay adhesi\u00f3n espont\u00e1nea\u201d, consider\u00f3 Diego Valad\u00e9s R\u00edos, Investigador Em\u00e9rito del Instituto de Investigaciones Jur\u00eddicas de la UNAM.<br><\/p>\n\n\n\n<p class=\"wp-block-paragraph\">Al dictar la Conferencia \u201cLa influencia del modelo norteamericano en los constituyentes mexicanos de1824: \u00bfmito o realidad?\u201d, Diego Valad\u00e9s R\u00edos asegur\u00f3 que el grueso de la poblaci\u00f3n mexicana no se siente involucrada con la defensa de la Constituci\u00f3n, por desconocer su elaboraci\u00f3n y contenido al ser variada y extensa, lo que la hace ilegible para cualquier ciudadano.<\/p>\n","protected":false},"excerpt":{"rendered":"<p>Participaron la Ministra de la Suprema Corte de Justicia de la Naci\u00f3n, Margarita R\u00edos Farjat; el jurista Diego Valad\u00e9s; Alejandra Mart\u00ednez Ver\u00e1stegui de la SCJN, entre otros. La Ministra de la Suprema Corte de Justicia de la Naci\u00f3n, Ana Margarita R\u00edos Farjat, imparti\u00f3 conferencia magistral titulada \u201cEl constitucionalismo local en M\u00e9xico: estado de la cuesti\u00f3n [&hellip;]<\/p>\n","protected":false},"author":1,"featured_media":37819,"comment_status":"closed","ping_status":"closed","sticky":false,"template":"","format":"standard","meta":{"footnotes":""},"categories":[30,31],"tags":[],"class_list":["post-37818","post","type-post","status-publish","format-standard","has-post-thumbnail","hentry","category-destacado","category-portada"],"_links":{"self":[{"href":"https:\/\/elinformante.mx\/index.php?rest_route=\/wp\/v2\/posts\/37818","targetHints":{"allow":["GET"]}}],"collection":[{"href":"https:\/\/elinformante.mx\/index.php?rest_route=\/wp\/v2\/posts"}],"about":[{"href":"https:\/\/elinformante.mx\/index.php?rest_route=\/wp\/v2\/types\/post"}],"author":[{"embeddable":true,"href":"https:\/\/elinformante.mx\/index.php?rest_route=\/wp\/v2\/users\/1"}],"replies":[{"embeddable":true,"href":"https:\/\/elinformante.mx\/index.php?rest_route=%2Fwp%2Fv2%2Fcomments&post=37818"}],"version-history":[{"count":0,"href":"https:\/\/elinformante.mx\/index.php?rest_route=\/wp\/v2\/posts\/37818\/revisions"}],"wp:featuredmedia":[{"embeddable":true,"href":"https:\/\/elinformante.mx\/index.php?rest_route=\/wp\/v2\/media\/37819"}],"wp:attachment":[{"href":"https:\/\/elinformante.mx\/index.php?rest_route=%2Fwp%2Fv2%2Fmedia&parent=37818"}],"wp:term":[{"taxonomy":"category","embeddable":true,"href":"https:\/\/elinformante.mx\/index.php?rest_route=%2Fwp%2Fv2%2Fcategories&post=37818"},{"taxonomy":"post_tag","embeddable":true,"href":"https:\/\/elinformante.mx\/index.php?rest_route=%2Fwp%2Fv2%2Ftags&post=37818"}],"curies":[{"name":"wp","href":"https:\/\/api.w.org\/{rel}","templated":true}]}}