{"id":37832,"date":"2023-10-05T14:06:01","date_gmt":"2023-10-05T14:06:01","guid":{"rendered":"https:\/\/elinformante.mx\/?p=37832"},"modified":"2023-10-05T14:06:03","modified_gmt":"2023-10-05T14:06:03","slug":"informalidad-en-mexico-alcanzo-el-56-su-nivel-mas-alto-de-la-historia","status":"publish","type":"post","link":"https:\/\/elinformante.mx\/?p=37832","title":{"rendered":"INFORMALIDAD EN M\u00c9XICO ALCANZ\u00d3 EL 56%, SU NIVEL M\u00c1S ALTO DE LA HISTORIA"},"content":{"rendered":"\n<blockquote class=\"wp-block-quote is-layout-flow wp-block-quote-is-layout-flow\">\n<p class=\"wp-block-paragraph\">Jos\u00e9 Abugaber, presidente de Concamin, advierte que se debe atender la informalidad y altos flujos migratorios en el pa\u00eds.<\/p>\n<\/blockquote>\n\n\n\n<p class=\"wp-block-paragraph\">En estos momentos uno de los principales problemas que M\u00e9xico enfrenta est\u00e1 en el alto nivel de la informalidad que se encuentra en su cifra m\u00e1s alta en toda la historia, con un 56% de empleos que est\u00e1n en la informalidad, as\u00ed como la migraci\u00f3n, se\u00f1al\u00f3 Jos\u00e9 Abugaber Andonie, presidente de la Confederaci\u00f3n de C\u00e1maras Industriales de los Estados Unidos Mexicanos (Concamin).<br><\/p>\n\n\n\n<figure class=\"wp-block-image size-large\"><img fetchpriority=\"high\" decoding=\"async\" width=\"1024\" height=\"503\" src=\"https:\/\/elinformante.mx\/wp-content\/uploads\/2023\/10\/INFORMALIDAD-3-1024x503.jpg\" alt=\"\" class=\"wp-image-37834\" srcset=\"https:\/\/elinformante.mx\/wp-content\/uploads\/2023\/10\/INFORMALIDAD-3-1024x503.jpg 1024w, https:\/\/elinformante.mx\/wp-content\/uploads\/2023\/10\/INFORMALIDAD-3-300x147.jpg 300w, https:\/\/elinformante.mx\/wp-content\/uploads\/2023\/10\/INFORMALIDAD-3-768x377.jpg 768w, https:\/\/elinformante.mx\/wp-content\/uploads\/2023\/10\/INFORMALIDAD-3-580x285.jpg 580w, https:\/\/elinformante.mx\/wp-content\/uploads\/2023\/10\/INFORMALIDAD-3-860x422.jpg 860w, https:\/\/elinformante.mx\/wp-content\/uploads\/2023\/10\/INFORMALIDAD-3.jpg 1140w\" sizes=\"(max-width: 1024px) 100vw, 1024px\" \/><\/figure>\n\n\n\n<p class=\"wp-block-paragraph\">Asimismo, enfatiz\u00f3 la urgente necesidad de garantizar la seguridad, la cual es indispensable para atraer inversiones, ya que ellos dudan en acudir a un pa\u00eds en donde priva la violencia y el contrabando de mercanc\u00edas \u201cse ha convertido en un verdadero problema\u201d.<br><\/p>\n\n\n\n<p class=\"wp-block-paragraph\">En el marco de la Inauguraci\u00f3n de la Reuni\u00f3n Anual de Industriales(RAI) 2023, que se celebra en Le\u00f3n, Guanajuato, puntualiz\u00f3 que para atender el tema de la informalidad que se encuentra por encima del n\u00famero total de personas que trabajan dentro de la formalidad, se trabaja de manera coordinada, con el Gobierno Federal para abatir esa situaci\u00f3n, en tanto, que para el segundo tema, se debe contar \u201ccon una pol\u00edtica migratoria m\u00e1s humana\u201d.<br><\/p>\n\n\n\n<figure class=\"wp-block-image size-large\"><img decoding=\"async\" width=\"1024\" height=\"503\" src=\"https:\/\/elinformante.mx\/wp-content\/uploads\/2023\/10\/INFORMALIDAD-4-1024x503.jpg\" alt=\"\" class=\"wp-image-37835\" srcset=\"https:\/\/elinformante.mx\/wp-content\/uploads\/2023\/10\/INFORMALIDAD-4-1024x503.jpg 1024w, https:\/\/elinformante.mx\/wp-content\/uploads\/2023\/10\/INFORMALIDAD-4-300x147.jpg 300w, https:\/\/elinformante.mx\/wp-content\/uploads\/2023\/10\/INFORMALIDAD-4-768x377.jpg 768w, https:\/\/elinformante.mx\/wp-content\/uploads\/2023\/10\/INFORMALIDAD-4-580x285.jpg 580w, https:\/\/elinformante.mx\/wp-content\/uploads\/2023\/10\/INFORMALIDAD-4-860x422.jpg 860w, https:\/\/elinformante.mx\/wp-content\/uploads\/2023\/10\/INFORMALIDAD-4.jpg 1140w\" sizes=\"(max-width: 1024px) 100vw, 1024px\" \/><\/figure>\n\n\n\n<p class=\"wp-block-paragraph\">Resalt\u00f3 que si se fortalece el Estado de derecho y se generan las condiciones propicias para crear empleos se lograr\u00e1 sumar a quienes est\u00e1n en la informalidad y a los migrantes nacionales e internacionales a la planta laboral mexicana, y para ello, dijo, los empresarios, por lo que \u201cla Concamin, junto con las 125 C\u00e1maras y Asociaciones, as\u00ed como con las Comisiones de nuestra Confederaci\u00f3n, han elaborado el documento \u201cPol\u00edtica Industrial\u201d, el cual, puede sentar las bases para generar pol\u00edticas p\u00fablicas que contribuyan a un mayor bienestar de las personas.<br><\/p>\n\n\n\n<p class=\"wp-block-paragraph\">Frente a industriales de todo el pa\u00eds quienes asistieron al evento anual de la RAI, que celebra su 30 aniversario, Abugaber Andonie hizo un llamado para que juntos industria, empresa y gobierno, establezcan las condiciones que permitan hacer frente a la actual situaci\u00f3n que vive el pa\u00eds frente a la informalidad.<br><\/p>\n\n\n\n<figure class=\"wp-block-image size-large\"><img decoding=\"async\" width=\"1024\" height=\"503\" src=\"https:\/\/elinformante.mx\/wp-content\/uploads\/2023\/10\/INFORMALIDAD-5-1024x503.jpg\" alt=\"\" class=\"wp-image-37836\" srcset=\"https:\/\/elinformante.mx\/wp-content\/uploads\/2023\/10\/INFORMALIDAD-5-1024x503.jpg 1024w, https:\/\/elinformante.mx\/wp-content\/uploads\/2023\/10\/INFORMALIDAD-5-300x147.jpg 300w, https:\/\/elinformante.mx\/wp-content\/uploads\/2023\/10\/INFORMALIDAD-5-768x377.jpg 768w, https:\/\/elinformante.mx\/wp-content\/uploads\/2023\/10\/INFORMALIDAD-5-580x285.jpg 580w, https:\/\/elinformante.mx\/wp-content\/uploads\/2023\/10\/INFORMALIDAD-5-860x422.jpg 860w, https:\/\/elinformante.mx\/wp-content\/uploads\/2023\/10\/INFORMALIDAD-5.jpg 1140w\" sizes=\"(max-width: 1024px) 100vw, 1024px\" \/><\/figure>\n\n\n\n<p class=\"wp-block-paragraph\">Ese documento, sostuvo ha sido entregado a quienes se perfilan como las candidatas presidenciales (Claudia Sheinbaum y X\u00f3chitl G\u00e1lvez), en el cual se hacen distintos planteamientos para implementar una Pol\u00edtica Industrial efectiva, con una serie de propuestas para fortalecer la vocaci\u00f3n productiva de la industria nacional.<br><\/p>\n\n\n\n<p class=\"wp-block-paragraph\">La Pol\u00edtica Industrial del pa\u00eds, \u201cno puede estar separada del near-shoring, que es la oportunidad que tiene nuestro pa\u00eds para impulsar su econom\u00eda\u201d, para lo cual es necesario hacer las cosas bien, y garantiza a los inversionistas globales: certeza jur\u00eddica, seguridad, suministro de agua y de energ\u00eda el\u00e9ctrica de fuentes limpias, con lo cual, se podr\u00eda lograr que M\u00e9xico registre un crecimiento econ\u00f3mico superior al 4 por ciento.<br><\/p>\n\n\n\n<figure class=\"wp-block-image size-large\"><img loading=\"lazy\" decoding=\"async\" width=\"1024\" height=\"503\" src=\"https:\/\/elinformante.mx\/wp-content\/uploads\/2023\/10\/INFORMALIDAD-1024x503.jpg\" alt=\"\" class=\"wp-image-37837\" srcset=\"https:\/\/elinformante.mx\/wp-content\/uploads\/2023\/10\/INFORMALIDAD-1024x503.jpg 1024w, https:\/\/elinformante.mx\/wp-content\/uploads\/2023\/10\/INFORMALIDAD-300x147.jpg 300w, https:\/\/elinformante.mx\/wp-content\/uploads\/2023\/10\/INFORMALIDAD-768x377.jpg 768w, https:\/\/elinformante.mx\/wp-content\/uploads\/2023\/10\/INFORMALIDAD-580x285.jpg 580w, https:\/\/elinformante.mx\/wp-content\/uploads\/2023\/10\/INFORMALIDAD-860x422.jpg 860w, https:\/\/elinformante.mx\/wp-content\/uploads\/2023\/10\/INFORMALIDAD.jpg 1140w\" sizes=\"(max-width: 1024px) 100vw, 1024px\" \/><\/figure>\n\n\n\n<p class=\"wp-block-paragraph\">El l\u00edder de los industriales se\u00f1al\u00f3 que para poder aprovechar la ventaja de ser vecinos de Estados Unidos, que es el mayor mercado del mundo, los empresarios mexicanos \u201cdebemos capitalizar las oportunidades\u201d, e impulsar la educaci\u00f3n y la capacitaci\u00f3n, \u201cpara que sea la mano de obra mexicana la que se emplee con la oportunidad que representa la relocalizaci\u00f3n de las empresas\u201d, as\u00ed como crear las condiciones de seguridad jur\u00eddica, suministro de gas, agua potable y energ\u00edas limpias para lograr el objetivo de atraer a m\u00e1s empresas extranjeras.<br><\/p>\n\n\n\n<p class=\"wp-block-paragraph\">Asimismo, indic\u00f3 que garantizar la seguridad p\u00fablica es requisito indispensable, ya que los inversionistas dudan en invertir en un pa\u00eds en el que priva la violencia, ante lo cual, se debe garantizar la paz y la tranquilidad de los mexicanos y de inversionistas extranjeros, ya que en este momento, en M\u00e9xico el contrabando de mercanc\u00edas \u201cse ha convertido en un verdadero problema\u201d, admiti\u00f3.<\/p>\n","protected":false},"excerpt":{"rendered":"<p>Jos\u00e9 Abugaber, presidente de Concamin, advierte que se debe atender la informalidad y altos flujos migratorios en el pa\u00eds. En estos momentos uno de los principales problemas que M\u00e9xico enfrenta est\u00e1 en el alto nivel de la informalidad que se encuentra en su cifra m\u00e1s alta en toda la historia, con un 56% de empleos [&hellip;]<\/p>\n","protected":false},"author":1,"featured_media":37833,"comment_status":"closed","ping_status":"closed","sticky":false,"template":"","format":"standard","meta":{"footnotes":""},"categories":[30,31],"tags":[],"class_list":["post-37832","post","type-post","status-publish","format-standard","has-post-thumbnail","hentry","category-destacado","category-portada"],"_links":{"self":[{"href":"https:\/\/elinformante.mx\/index.php?rest_route=\/wp\/v2\/posts\/37832","targetHints":{"allow":["GET"]}}],"collection":[{"href":"https:\/\/elinformante.mx\/index.php?rest_route=\/wp\/v2\/posts"}],"about":[{"href":"https:\/\/elinformante.mx\/index.php?rest_route=\/wp\/v2\/types\/post"}],"author":[{"embeddable":true,"href":"https:\/\/elinformante.mx\/index.php?rest_route=\/wp\/v2\/users\/1"}],"replies":[{"embeddable":true,"href":"https:\/\/elinformante.mx\/index.php?rest_route=%2Fwp%2Fv2%2Fcomments&post=37832"}],"version-history":[{"count":0,"href":"https:\/\/elinformante.mx\/index.php?rest_route=\/wp\/v2\/posts\/37832\/revisions"}],"wp:featuredmedia":[{"embeddable":true,"href":"https:\/\/elinformante.mx\/index.php?rest_route=\/wp\/v2\/media\/37833"}],"wp:attachment":[{"href":"https:\/\/elinformante.mx\/index.php?rest_route=%2Fwp%2Fv2%2Fmedia&parent=37832"}],"wp:term":[{"taxonomy":"category","embeddable":true,"href":"https:\/\/elinformante.mx\/index.php?rest_route=%2Fwp%2Fv2%2Fcategories&post=37832"},{"taxonomy":"post_tag","embeddable":true,"href":"https:\/\/elinformante.mx\/index.php?rest_route=%2Fwp%2Fv2%2Ftags&post=37832"}],"curies":[{"name":"wp","href":"https:\/\/api.w.org\/{rel}","templated":true}]}}