{"id":37860,"date":"2023-10-05T14:37:47","date_gmt":"2023-10-05T14:37:47","guid":{"rendered":"https:\/\/elinformante.mx\/?p=37860"},"modified":"2023-10-05T14:37:48","modified_gmt":"2023-10-05T14:37:48","slug":"espacios-publicos-dignos-y-seguros-en-san-mateo-atenco","status":"publish","type":"post","link":"https:\/\/elinformante.mx\/?p=37860","title":{"rendered":"Espacios p\u00fablicos dignos y seguros en San Mateo Atenco"},"content":{"rendered":"\n<blockquote class=\"wp-block-quote is-layout-flow wp-block-quote-is-layout-flow\">\n<p class=\"wp-block-paragraph\">La presidenta municipal anunci\u00f3 los avances de los trabajos de pavimentaci\u00f3n de calles, bacheo y brindando servicios municipales.<\/p>\n<\/blockquote>\n\n\n\n<p class=\"wp-block-paragraph\">El Ayuntamiento de San Mateo Atenco contin\u00faa su compromiso con el bienestar y la seguridad de sus ciudadanos a trav\u00e9s de la mejora de espacios p\u00fablicos en el municipio zapatero. La presidenta municipal, Ana Mu\u00f1iz Neyra, encabez\u00f3 el inicio de la rehabilitaci\u00f3n de la Plaza C\u00edvica Benito Ju\u00e1rez, el andador San Miguel y el andador frente a la Parroquia.<br><\/p>\n\n\n\n<figure class=\"wp-block-image size-large\"><img fetchpriority=\"high\" decoding=\"async\" width=\"1024\" height=\"503\" src=\"https:\/\/elinformante.mx\/wp-content\/uploads\/2023\/10\/ESPACIOS-3-1024x503.jpg\" alt=\"\" class=\"wp-image-37862\" srcset=\"https:\/\/elinformante.mx\/wp-content\/uploads\/2023\/10\/ESPACIOS-3-1024x503.jpg 1024w, https:\/\/elinformante.mx\/wp-content\/uploads\/2023\/10\/ESPACIOS-3-300x147.jpg 300w, https:\/\/elinformante.mx\/wp-content\/uploads\/2023\/10\/ESPACIOS-3-768x377.jpg 768w, https:\/\/elinformante.mx\/wp-content\/uploads\/2023\/10\/ESPACIOS-3-580x285.jpg 580w, https:\/\/elinformante.mx\/wp-content\/uploads\/2023\/10\/ESPACIOS-3-860x422.jpg 860w, https:\/\/elinformante.mx\/wp-content\/uploads\/2023\/10\/ESPACIOS-3.jpg 1140w\" sizes=\"(max-width: 1024px) 100vw, 1024px\" \/><\/figure>\n\n\n\n<p class=\"wp-block-paragraph\">La iniciativa busca crear entornos m\u00e1s seguros y agradables para las familias de San Mateo Atenco, permiti\u00e9ndoles disfrutar de estos lugares p\u00fablicos con confianza. Adem\u00e1s de estas obras, la alcaldesa anunci\u00f3 el progreso en los trabajos de pavimentaci\u00f3n de calles y el bacheo de v\u00edas, junto con la provisi\u00f3n de servicios municipales.<br><\/p>\n\n\n\n<p class=\"wp-block-paragraph\">A trav\u00e9s de sus redes sociales, la presidenta municipal Ana Mu\u00f1iz comparti\u00f3 la noticia y destac\u00f3 el compromiso continuo de su administraci\u00f3n en dignificar los espacios p\u00fablicos en el municipio. La rehabilitaci\u00f3n de la Plaza C\u00edvica Benito Ju\u00e1rez, el andador San Miguel y el andador frente a la Parroquia es un paso importante en la mejora de la seguridad, la movilidad peatonal y la imagen urbana de San Mateo Atenco.<br><\/p>\n\n\n\n<figure class=\"wp-block-image size-large\"><img decoding=\"async\" width=\"1024\" height=\"503\" src=\"https:\/\/elinformante.mx\/wp-content\/uploads\/2023\/10\/ESPACIOS-1024x503.jpg\" alt=\"\" class=\"wp-image-37863\" srcset=\"https:\/\/elinformante.mx\/wp-content\/uploads\/2023\/10\/ESPACIOS-1024x503.jpg 1024w, https:\/\/elinformante.mx\/wp-content\/uploads\/2023\/10\/ESPACIOS-300x147.jpg 300w, https:\/\/elinformante.mx\/wp-content\/uploads\/2023\/10\/ESPACIOS-768x377.jpg 768w, https:\/\/elinformante.mx\/wp-content\/uploads\/2023\/10\/ESPACIOS-580x285.jpg 580w, https:\/\/elinformante.mx\/wp-content\/uploads\/2023\/10\/ESPACIOS-860x422.jpg 860w, https:\/\/elinformante.mx\/wp-content\/uploads\/2023\/10\/ESPACIOS.jpg 1140w\" sizes=\"(max-width: 1024px) 100vw, 1024px\" \/><\/figure>\n\n\n\n<p class=\"wp-block-paragraph\">\u201cEstamos comprometidos en proporcionar a nuestros ciudadanos entornos p\u00fablicos de calidad, donde puedan sentirse seguros y disfrutar de su estancia. Estas acciones son un esfuerzo conjunto para el beneficio de las familias atenquenses\u201d, declar\u00f3 la presidenta Ana Mu\u00f1iz Neyra.<br><\/p>\n\n\n\n<p class=\"wp-block-paragraph\">La iniciativa refleja el compromiso de la administraci\u00f3n municipal de San Mateo Atenco en la creaci\u00f3n de comunidades m\u00e1s seguras y atractivas, mejorando la calidad de vida de sus residentes y fortaleciendo la cohesi\u00f3n social en el municipio.<\/p>\n","protected":false},"excerpt":{"rendered":"<p>La presidenta municipal anunci\u00f3 los avances de los trabajos de pavimentaci\u00f3n de calles, bacheo y brindando servicios municipales. El Ayuntamiento de San Mateo Atenco contin\u00faa su compromiso con el bienestar y la seguridad de sus ciudadanos a trav\u00e9s de la mejora de espacios p\u00fablicos en el municipio zapatero. La presidenta municipal, Ana Mu\u00f1iz Neyra, encabez\u00f3 [&hellip;]<\/p>\n","protected":false},"author":1,"featured_media":37861,"comment_status":"closed","ping_status":"closed","sticky":false,"template":"","format":"standard","meta":{"footnotes":""},"categories":[36],"tags":[],"class_list":["post-37860","post","type-post","status-publish","format-standard","has-post-thumbnail","hentry","category-edomex"],"_links":{"self":[{"href":"https:\/\/elinformante.mx\/index.php?rest_route=\/wp\/v2\/posts\/37860","targetHints":{"allow":["GET"]}}],"collection":[{"href":"https:\/\/elinformante.mx\/index.php?rest_route=\/wp\/v2\/posts"}],"about":[{"href":"https:\/\/elinformante.mx\/index.php?rest_route=\/wp\/v2\/types\/post"}],"author":[{"embeddable":true,"href":"https:\/\/elinformante.mx\/index.php?rest_route=\/wp\/v2\/users\/1"}],"replies":[{"embeddable":true,"href":"https:\/\/elinformante.mx\/index.php?rest_route=%2Fwp%2Fv2%2Fcomments&post=37860"}],"version-history":[{"count":0,"href":"https:\/\/elinformante.mx\/index.php?rest_route=\/wp\/v2\/posts\/37860\/revisions"}],"wp:featuredmedia":[{"embeddable":true,"href":"https:\/\/elinformante.mx\/index.php?rest_route=\/wp\/v2\/media\/37861"}],"wp:attachment":[{"href":"https:\/\/elinformante.mx\/index.php?rest_route=%2Fwp%2Fv2%2Fmedia&parent=37860"}],"wp:term":[{"taxonomy":"category","embeddable":true,"href":"https:\/\/elinformante.mx\/index.php?rest_route=%2Fwp%2Fv2%2Fcategories&post=37860"},{"taxonomy":"post_tag","embeddable":true,"href":"https:\/\/elinformante.mx\/index.php?rest_route=%2Fwp%2Fv2%2Ftags&post=37860"}],"curies":[{"name":"wp","href":"https:\/\/api.w.org\/{rel}","templated":true}]}}