{"id":37865,"date":"2023-10-05T14:40:56","date_gmt":"2023-10-05T14:40:56","guid":{"rendered":"https:\/\/elinformante.mx\/?p=37865"},"modified":"2023-10-05T14:40:56","modified_gmt":"2023-10-05T14:40:56","slug":"se-reune-fernando-flores-con-empresarios-de-la-asecem","status":"publish","type":"post","link":"https:\/\/elinformante.mx\/?p=37865","title":{"rendered":"Se re\u00fane Fernando Flores con empresarios de la ASECEM"},"content":{"rendered":"\n<blockquote class=\"wp-block-quote is-layout-flow wp-block-quote-is-layout-flow\">\n<p class=\"wp-block-paragraph\">Flores Fern\u00e1ndez mencion\u00f3 que en Metepec cuenta con la confianza, seguridad y las condiciones para que pueda crecer y posicionar como la la s\u00e9ptima econom\u00eda en el Estado de M\u00e9xico.<\/p>\n<\/blockquote>\n\n\n\n<p class=\"wp-block-paragraph\">Metepec ha logrado superar inversi\u00f3n privada por encima de los 10 mil MDP, adem\u00e1s de aperturarse m\u00e1s de 1800 negocios, afirm\u00f3 el Alcalde de Metepec, Fernando Flores Fern\u00e1ndez durante la reuni\u00f3n que sostuvo con empresarios de la ASECEM.<br><\/p>\n\n\n\n<p class=\"wp-block-paragraph\">Flores Fern\u00e1ndez mencion\u00f3 que en Metepec cuenta con la confianza, seguridad y las condiciones para que pueda crecer y posicionar como la la s\u00e9ptima econom\u00eda en el Estado de M\u00e9xico.<br><\/p>\n\n\n\n<p class=\"wp-block-paragraph\">Si bien el municipio no es una zona industrial, si es reconocida como una sociedad de servicios, por lo cual es de vital importancia seguir dando a conocer las artesan\u00edas que se producen en Metepec, por las manos de los artesanos.<br><\/p>\n\n\n\n<p class=\"wp-block-paragraph\">Tras la puesta en marcha del Tren Interurbano, el municipio se ha comprometido a realizar todos los d\u00edas operativos en la zona con el fin de evitar que el comercio ambulante empiece invadir el \u00e1rea.<br><\/p>\n\n\n\n<p class=\"wp-block-paragraph\">Flores Fern\u00e1ndez tambi\u00e9n hizo menci\u00f3n de que en su gobierno se ha enfocado en materia de seguridad, invirtiendo cerca de 80 MDD, contando con un programa conocido como City Manager, que brinda mantenimiento a Metepec, logrando la disminuci\u00f3n de inundaciones, atender el bacheo de calles, poda de \u00e1rboles, rescate canino y adopciones caninas.<br><\/p>\n\n\n\n<figure class=\"wp-block-image size-large\"><img fetchpriority=\"high\" decoding=\"async\" width=\"1024\" height=\"503\" src=\"https:\/\/elinformante.mx\/wp-content\/uploads\/2023\/10\/metepec-1024x503.jpg\" alt=\"\" class=\"wp-image-37867\" srcset=\"https:\/\/elinformante.mx\/wp-content\/uploads\/2023\/10\/metepec-1024x503.jpg 1024w, https:\/\/elinformante.mx\/wp-content\/uploads\/2023\/10\/metepec-300x147.jpg 300w, https:\/\/elinformante.mx\/wp-content\/uploads\/2023\/10\/metepec-768x377.jpg 768w, https:\/\/elinformante.mx\/wp-content\/uploads\/2023\/10\/metepec-580x285.jpg 580w, https:\/\/elinformante.mx\/wp-content\/uploads\/2023\/10\/metepec-860x422.jpg 860w, https:\/\/elinformante.mx\/wp-content\/uploads\/2023\/10\/metepec.jpg 1140w\" sizes=\"(max-width: 1024px) 100vw, 1024px\" \/><\/figure>\n\n\n\n<p class=\"wp-block-paragraph\">Adem\u00e1s se han logrado que el cambio de luminares se realice en menos de 48 horas despu\u00e9s de los reportes.<br><\/p>\n\n\n\n<p class=\"wp-block-paragraph\">Metepec, enfatizo Flores Fern\u00e1ndez, cuenta con un bajo \u00edndice de inseguridad, por lo cual los ciudadanos y visitantes pueden disfrutar y caminar a cualquier hora por el municipio.<br><\/p>\n\n\n\n<p class=\"wp-block-paragraph\">As\u00ed mismo coment\u00f3 que en la zona del Tren Interurbano se realizan operativos de vigilancia todos los d\u00edas, el \u00e1rea donde se encuentra, llamada Las torres son una zona federal y la avenida Las Torres es una avenida estatal.<br><\/p>\n\n\n\n<p class=\"wp-block-paragraph\">Agradeci\u00f3 el hecho de que este transporte pueda ayudar a incrementar las visitas de la personas que viven en la CDMX y que podr\u00e1n conocer el municipio de Metepec.<br><\/p>\n\n\n\n<p class=\"wp-block-paragraph\">Concluy\u00f3 haciendo una invitaci\u00f3n a los empresarios y al p\u00fablico en general de asistir al festival de Quimera que contar\u00e1 con grandes artistas.<\/p>\n","protected":false},"excerpt":{"rendered":"<p>Flores Fern\u00e1ndez mencion\u00f3 que en Metepec cuenta con la confianza, seguridad y las condiciones para que pueda crecer y posicionar como la la s\u00e9ptima econom\u00eda en el Estado de M\u00e9xico. Metepec ha logrado superar inversi\u00f3n privada por encima de los 10 mil MDP, adem\u00e1s de aperturarse m\u00e1s de 1800 negocios, afirm\u00f3 el Alcalde de Metepec, [&hellip;]<\/p>\n","protected":false},"author":1,"featured_media":37866,"comment_status":"closed","ping_status":"closed","sticky":false,"template":"","format":"standard","meta":{"footnotes":""},"categories":[36],"tags":[],"class_list":["post-37865","post","type-post","status-publish","format-standard","has-post-thumbnail","hentry","category-edomex"],"_links":{"self":[{"href":"https:\/\/elinformante.mx\/index.php?rest_route=\/wp\/v2\/posts\/37865","targetHints":{"allow":["GET"]}}],"collection":[{"href":"https:\/\/elinformante.mx\/index.php?rest_route=\/wp\/v2\/posts"}],"about":[{"href":"https:\/\/elinformante.mx\/index.php?rest_route=\/wp\/v2\/types\/post"}],"author":[{"embeddable":true,"href":"https:\/\/elinformante.mx\/index.php?rest_route=\/wp\/v2\/users\/1"}],"replies":[{"embeddable":true,"href":"https:\/\/elinformante.mx\/index.php?rest_route=%2Fwp%2Fv2%2Fcomments&post=37865"}],"version-history":[{"count":0,"href":"https:\/\/elinformante.mx\/index.php?rest_route=\/wp\/v2\/posts\/37865\/revisions"}],"wp:featuredmedia":[{"embeddable":true,"href":"https:\/\/elinformante.mx\/index.php?rest_route=\/wp\/v2\/media\/37866"}],"wp:attachment":[{"href":"https:\/\/elinformante.mx\/index.php?rest_route=%2Fwp%2Fv2%2Fmedia&parent=37865"}],"wp:term":[{"taxonomy":"category","embeddable":true,"href":"https:\/\/elinformante.mx\/index.php?rest_route=%2Fwp%2Fv2%2Fcategories&post=37865"},{"taxonomy":"post_tag","embeddable":true,"href":"https:\/\/elinformante.mx\/index.php?rest_route=%2Fwp%2Fv2%2Ftags&post=37865"}],"curies":[{"name":"wp","href":"https:\/\/api.w.org\/{rel}","templated":true}]}}