{"id":37872,"date":"2023-10-05T14:49:18","date_gmt":"2023-10-05T14:49:18","guid":{"rendered":"https:\/\/elinformante.mx\/?p=37872"},"modified":"2023-10-05T14:49:19","modified_gmt":"2023-10-05T14:49:19","slug":"incumplen-con-puesta-en-marcha-de-policia-ambiental-en-acapulco","status":"publish","type":"post","link":"https:\/\/elinformante.mx\/?p=37872","title":{"rendered":"Incumplen con puesta en marcha de Polic\u00eda Ambiental en Acapulco"},"content":{"rendered":"\n<blockquote class=\"wp-block-quote is-layout-flow wp-block-quote-is-layout-flow\">\n<p class=\"wp-block-paragraph\">Regidores pedir\u00e1n cuentas al encargado de despacho Seguridad P\u00fablica municipal, pues a pesar de que se le dio un ultim\u00e1tum de 15 d\u00edas, no inici\u00f3 operaciones.<\/p>\n<\/blockquote>\n\n\n\n<p class=\"wp-block-paragraph\">Al no cumplirse el ultim\u00e1tum para poner en marcha la polic\u00eda ambiental, regidores de la Comisi\u00f3n de Ecolog\u00eda en el Cabildo, pedir\u00e1n una rendici\u00f3n de cuentas al encargado de despacho de la Secretar\u00eda de Seguridad P\u00fablica, Luis Enrique V\u00e1zquez Rodr\u00edguez.<br><\/p>\n\n\n\n<p class=\"wp-block-paragraph\">El regidor por Morena y presidente de la comisi\u00f3n de ecolog\u00eda y medio ambiente, Ilich Augusto Lozano Herrera, dijo que la polic\u00eda ambiental, no fue creada a capricho sino por la necesidad que existe para atender todo el problema de contaminaci\u00f3n que hay en la ciudad.<br><\/p>\n\n\n\n<p class=\"wp-block-paragraph\">Dijo que se a pedir una rendici\u00f3n de cuentas en la pr\u00f3xima sesi\u00f3n para que digan que est\u00e1 pasando y porque no se cumplen las determinaciones de la alcaldesa, y de ah\u00ed vamos a ver qu\u00e9 vamos a plantear que informen porque no se ha puestos en funcionamiento.<br><\/p>\n\n\n\n<p class=\"wp-block-paragraph\">Expres\u00f3 que ante la falta de la corporaci\u00f3n, no se han atendido los temas de la gente que tira agua, y la contaminaci\u00f3n que hay en la ciudad la cual es por lo que es de utilidad que ya se instale la Polic\u00eda Ambiental.<br><\/p>\n\n\n\n<p class=\"wp-block-paragraph\">Fue el pasado mes de enero, en sesi\u00f3n de cabildo, cuando los regidores aprobaron el funcionamiento de la polic\u00eda ecol\u00f3gica hoy ambiental con la integraci\u00f3n de 20 elementos y cinco unidades, que fueron parte de las 100 patrullas que fueron integradas al programa \u201cFuerza Acapulco\u201d.<\/p>\n","protected":false},"excerpt":{"rendered":"<p>Regidores pedir\u00e1n cuentas al encargado de despacho Seguridad P\u00fablica municipal, pues a pesar de que se le dio un ultim\u00e1tum de 15 d\u00edas, no inici\u00f3 operaciones. Al no cumplirse el ultim\u00e1tum para poner en marcha la polic\u00eda ambiental, regidores de la Comisi\u00f3n de Ecolog\u00eda en el Cabildo, pedir\u00e1n una rendici\u00f3n de cuentas al encargado de [&hellip;]<\/p>\n","protected":false},"author":1,"featured_media":37873,"comment_status":"closed","ping_status":"closed","sticky":false,"template":"","format":"standard","meta":{"footnotes":""},"categories":[34],"tags":[],"class_list":["post-37872","post","type-post","status-publish","format-standard","has-post-thumbnail","hentry","category-nacional"],"_links":{"self":[{"href":"https:\/\/elinformante.mx\/index.php?rest_route=\/wp\/v2\/posts\/37872","targetHints":{"allow":["GET"]}}],"collection":[{"href":"https:\/\/elinformante.mx\/index.php?rest_route=\/wp\/v2\/posts"}],"about":[{"href":"https:\/\/elinformante.mx\/index.php?rest_route=\/wp\/v2\/types\/post"}],"author":[{"embeddable":true,"href":"https:\/\/elinformante.mx\/index.php?rest_route=\/wp\/v2\/users\/1"}],"replies":[{"embeddable":true,"href":"https:\/\/elinformante.mx\/index.php?rest_route=%2Fwp%2Fv2%2Fcomments&post=37872"}],"version-history":[{"count":0,"href":"https:\/\/elinformante.mx\/index.php?rest_route=\/wp\/v2\/posts\/37872\/revisions"}],"wp:featuredmedia":[{"embeddable":true,"href":"https:\/\/elinformante.mx\/index.php?rest_route=\/wp\/v2\/media\/37873"}],"wp:attachment":[{"href":"https:\/\/elinformante.mx\/index.php?rest_route=%2Fwp%2Fv2%2Fmedia&parent=37872"}],"wp:term":[{"taxonomy":"category","embeddable":true,"href":"https:\/\/elinformante.mx\/index.php?rest_route=%2Fwp%2Fv2%2Fcategories&post=37872"},{"taxonomy":"post_tag","embeddable":true,"href":"https:\/\/elinformante.mx\/index.php?rest_route=%2Fwp%2Fv2%2Ftags&post=37872"}],"curies":[{"name":"wp","href":"https:\/\/api.w.org\/{rel}","templated":true}]}}