{"id":37898,"date":"2023-10-05T15:24:39","date_gmt":"2023-10-05T15:24:39","guid":{"rendered":"https:\/\/elinformante.mx\/?p=37898"},"modified":"2023-10-05T15:24:40","modified_gmt":"2023-10-05T15:24:40","slug":"garantiza-gobierno-del-edomex-el-libre-ejercicio-periodistico-y-la-defensa-de-los-ddhh","status":"publish","type":"post","link":"https:\/\/elinformante.mx\/?p=37898","title":{"rendered":"Garantiza Gobierno del Edom\u00e9x el libre ejercicio period\u00edstico y la defensa de los DDHH"},"content":{"rendered":"\n<blockquote class=\"wp-block-quote is-layout-flow wp-block-quote-is-layout-flow\">\n<p class=\"wp-block-paragraph\">Consejero Jur\u00eddico anuncia capacitaci\u00f3n de la CEMPIDH a servidores p\u00fablicos.<br><\/p>\n<\/blockquote>\n\n\n\n<p class=\"wp-block-paragraph\">El Consejero Jur\u00eddico del Estado de M\u00e9xico, Jes\u00fas George Zamora instruy\u00f3 a la Coordinaci\u00f3n Ejecutiva del Mecanismo para la Protecci\u00f3n Integral de Periodistas y Defensoras de Derechos Humanos (CEMPIDH) de la entidad, a fortalecer las capacitaciones a servidores p\u00fablicos para promover el libre ejercicio profesional de esos sectores.<br><\/p>\n\n\n\n<p class=\"wp-block-paragraph\">En sesi\u00f3n ordinaria y acompa\u00f1ado por la titular de la CEMPIDH, Lorena Heb\u00e9 Moreno, el Consejero Jur\u00eddico indic\u00f3 que por instrucciones de la Gobernadora del Estado de M\u00e9xico, Delfina G\u00f3mez \u00c1lvarez, trabajar\u00e1 de manera muy cercana con la Junta de Gobierno del Mecanismo para impulsar acciones preventivas integrales a fin de garantizar la libertad de expresi\u00f3n y la defensa de derechos humanos en la entidad.<br><\/p>\n\n\n\n<p class=\"wp-block-paragraph\">\u201cLa ley privilegia el aspecto preventivo, es decir, que nos anticipemos a posibles acciones que podr\u00edan atentar contra la libertad de expresi\u00f3n y la defensa de los derechos fundamentales\u201d, expres\u00f3.<br><\/p>\n\n\n\n<p class=\"wp-block-paragraph\">Asimismo, se\u00f1al\u00f3 que con la colaboraci\u00f3n interinstitucional de la Junta de Gobierno del Mecanismo, en la que intervienen el Poder Judicial de la entidad, la Secretar\u00eda de Seguridad estatal, la Fiscal\u00eda General de Justicia, la Comisi\u00f3n de Derechos Humanos local y el Consejo Consultivo, se focalizar\u00e1n esfuerzos de conocimiento profundo e inmediato de servidoras y servidores p\u00fablicos en materia de respeto a los derechos humanos.<br><\/p>\n\n\n\n<p class=\"wp-block-paragraph\">\u201cLa capacitaci\u00f3n es el componente preventivo fundamental en este tipo de entidades. Tenemos que fortalecer la capacitaci\u00f3n no s\u00f3lo de personas servidores p\u00fablicos de cualquier categor\u00eda, debemos ser claros de en d\u00f3nde se encuentra la problem\u00e1tica que nos aqueja en este tema\u201d, puntualiz\u00f3.<br><\/p>\n\n\n\n<p class=\"wp-block-paragraph\">Durante la reuni\u00f3n, se revis\u00f3 la continuidad de planes integrales de protecci\u00f3n para personas beneficiarias y casos de intervenci\u00f3n inmediata.<\/p>\n","protected":false},"excerpt":{"rendered":"<p>Consejero Jur\u00eddico anuncia capacitaci\u00f3n de la CEMPIDH a servidores p\u00fablicos. El Consejero Jur\u00eddico del Estado de M\u00e9xico, Jes\u00fas George Zamora instruy\u00f3 a la Coordinaci\u00f3n Ejecutiva del Mecanismo para la Protecci\u00f3n Integral de Periodistas y Defensoras de Derechos Humanos (CEMPIDH) de la entidad, a fortalecer las capacitaciones a servidores p\u00fablicos para promover el libre ejercicio profesional [&hellip;]<\/p>\n","protected":false},"author":1,"featured_media":37899,"comment_status":"closed","ping_status":"closed","sticky":false,"template":"","format":"standard","meta":{"footnotes":""},"categories":[36],"tags":[],"class_list":["post-37898","post","type-post","status-publish","format-standard","has-post-thumbnail","hentry","category-edomex"],"_links":{"self":[{"href":"https:\/\/elinformante.mx\/index.php?rest_route=\/wp\/v2\/posts\/37898","targetHints":{"allow":["GET"]}}],"collection":[{"href":"https:\/\/elinformante.mx\/index.php?rest_route=\/wp\/v2\/posts"}],"about":[{"href":"https:\/\/elinformante.mx\/index.php?rest_route=\/wp\/v2\/types\/post"}],"author":[{"embeddable":true,"href":"https:\/\/elinformante.mx\/index.php?rest_route=\/wp\/v2\/users\/1"}],"replies":[{"embeddable":true,"href":"https:\/\/elinformante.mx\/index.php?rest_route=%2Fwp%2Fv2%2Fcomments&post=37898"}],"version-history":[{"count":0,"href":"https:\/\/elinformante.mx\/index.php?rest_route=\/wp\/v2\/posts\/37898\/revisions"}],"wp:featuredmedia":[{"embeddable":true,"href":"https:\/\/elinformante.mx\/index.php?rest_route=\/wp\/v2\/media\/37899"}],"wp:attachment":[{"href":"https:\/\/elinformante.mx\/index.php?rest_route=%2Fwp%2Fv2%2Fmedia&parent=37898"}],"wp:term":[{"taxonomy":"category","embeddable":true,"href":"https:\/\/elinformante.mx\/index.php?rest_route=%2Fwp%2Fv2%2Fcategories&post=37898"},{"taxonomy":"post_tag","embeddable":true,"href":"https:\/\/elinformante.mx\/index.php?rest_route=%2Fwp%2Fv2%2Ftags&post=37898"}],"curies":[{"name":"wp","href":"https:\/\/api.w.org\/{rel}","templated":true}]}}