{"id":37904,"date":"2023-10-05T15:29:47","date_gmt":"2023-10-05T15:29:47","guid":{"rendered":"https:\/\/elinformante.mx\/?p=37904"},"modified":"2023-10-05T15:29:48","modified_gmt":"2023-10-05T15:29:48","slug":"sandra-cuevas-denuncia-intento-de-secuestro-y-robo-durante-recorrido-en-iztapalapa","status":"publish","type":"post","link":"https:\/\/elinformante.mx\/?p=37904","title":{"rendered":"Sandra Cuevas denuncia intento de secuestro y robo durante recorrido en Iztapalapa"},"content":{"rendered":"\n<blockquote class=\"wp-block-quote is-layout-flow wp-block-quote-is-layout-flow\">\n<p class=\"wp-block-paragraph\">Un grupo de personas intentaban voltear la motocicleta de la alcaldesa mientras ella se encontraba arriba de \u00e9sta; al mismo tiempo, gritaba: \u201c\u00a1me est\u00e1n secuestrando!\u201d, sin embargo, los hombres continuaban destruyendo el veh\u00edculo.<\/p>\n<\/blockquote>\n\n\n\n<p class=\"wp-block-paragraph\">La alcaldesa de Cuauht\u00e9moc, Sandra Cuevas Nieves, acus\u00f3 a la administradora de la Central de Abastos de Iztapalapa, Marcela Villegas, de organizar a grupos violentadores para que boicotearan el primer d\u00eda de su gira por las 16 alcald\u00edas, visitas donde la funcionaria busca reunirse con simpatizantes para que la apoyen en su b\u00fasqueda por la jefatura de Gobierno de la Ciudad de M\u00e9xico.<br><\/p>\n\n\n\n<p class=\"wp-block-paragraph\">De acuerdo con la alcaldesa, m\u00e1s de 100 personas contratadas por Villegas acudieron a la v\u00eda p\u00fablica, aleda\u00f1a a la Central y comenzaron a golpear las motocicletas que conduc\u00edan Sandra Cuevas y su equipo de trabajo, para despu\u00e9s despojarlos de sus veh\u00edculos y llev\u00e1rselos en gr\u00faas, todo con la finalidad de que no ingresaran a la zona de locales.<br><\/p>\n\n\n\n<p class=\"wp-block-paragraph\">En los videos difundidos en redes sociales, se observa a Cuevas siendo rodeada por un grupo de hombres que intentaban voltear su motocicleta mientras ella se encontraba arriba de esta; al mismo tiempo, la alcaldesa gritaba \u201c\u00a1no me voy a ir, me est\u00e1n secuestrando!\u201d, sin embargo, los hombres continuaban destruyendo el veh\u00edculo, al mismo tiempo en el que le sal\u00eda humo debido a la fuerza que se le estaba oprimiendo.<br><\/p>\n\n\n\n<p class=\"wp-block-paragraph\">Cuando Marcela Villegas increp\u00f3 a la alcaldesa, le repiti\u00f3 en varias ocasiones que abandonara el lugar, ya que aparentemente la Central de Abastos forma parte de un fideicomiso en el que supuestamente tiene prohibido entrar. \u201c\u00bfQuieres que yo vaya a tu alcald\u00eda a hacer un desmadre? Ustedes est\u00e1n cometiendo un delito, ret\u00edrense, es un lugar privado, soy administradora del fideicomiso, es ilegal que usted entre de esa manera\u201d.<br><\/p>\n\n\n\n<p class=\"wp-block-paragraph\">Posterior al altercado, Cuevas dio un comunicado y advirti\u00f3 que acusar\u00e1 a los autores del presunto delito; \u201cya estamos preparando la denuncia por secuestro expr\u00e9s con prop\u00f3sito de cometer delito de robo, no me dejaban salir m\u00e1s de 100 delincuentes, tambi\u00e9n existi\u00f3 robo con violencia porque se llevaron m\u00e1s de 10 motos, hubo lesiones, violencia de g\u00e9nero y hacia la comunidad LGBT+, a mis compa\u00f1eras que pertenecen a la comunidad las desnudaron y les quitaron la playera, tambi\u00e9n vamos a denunciar por abuso de autoridad\u201d, garantiz\u00f3.<br><\/p>\n\n\n\n<figure class=\"wp-block-image size-large\"><img fetchpriority=\"high\" decoding=\"async\" width=\"1024\" height=\"503\" src=\"https:\/\/elinformante.mx\/wp-content\/uploads\/2023\/10\/SANDRA-1024x503.jpg\" alt=\"\" class=\"wp-image-37906\" srcset=\"https:\/\/elinformante.mx\/wp-content\/uploads\/2023\/10\/SANDRA-1024x503.jpg 1024w, https:\/\/elinformante.mx\/wp-content\/uploads\/2023\/10\/SANDRA-300x147.jpg 300w, https:\/\/elinformante.mx\/wp-content\/uploads\/2023\/10\/SANDRA-768x377.jpg 768w, https:\/\/elinformante.mx\/wp-content\/uploads\/2023\/10\/SANDRA-580x285.jpg 580w, https:\/\/elinformante.mx\/wp-content\/uploads\/2023\/10\/SANDRA-860x422.jpg 860w, https:\/\/elinformante.mx\/wp-content\/uploads\/2023\/10\/SANDRA.jpg 1140w\" sizes=\"(max-width: 1024px) 100vw, 1024px\" \/><\/figure>\n\n\n\n<p class=\"wp-block-paragraph\">Igualmente, la alcaldesa acus\u00f3 a Mart\u00ed Batres, jefe de Gobierno de solapar los actos delictivos \u201ctodos saben que la administradora de la Central fue una imposici\u00f3n de Claudia Sheinbaum y no nos vamos a prestar a agresiones, invito a las autoridades a que en vez de estar violentando con sus delincuentes, atiendan el tema de baches, basura y la corrupci\u00f3n que hay en este mercado, el m\u00e1s grande del mundo pero el m\u00e1s cochino, p\u00f3nganse a trabajar\u201d, dijo.<br><\/p>\n\n\n\n<p class=\"wp-block-paragraph\">Previo a su llegada, Sandra Cuevas solicit\u00f3 un permiso a Clara Brugada, exalcaldesa de Iztapalapa, para recorrer ese territorio y realizar sus visitas, tal como lo se\u00f1al\u00f3 antes de pedir licencia, pues coment\u00f3 que sin importar el partido que militara en la demarcaci\u00f3n, avisar\u00eda a los ediles.<br><\/p>\n\n\n\n<p class=\"wp-block-paragraph\">\u201cLicenciada Clara Brugada, reconociendo su liderazgo en la alcald\u00eda Iztapalapa, logros con los pueblos, barrios originarios y Utop\u00edas, le informo que visitar\u00e9 algunos de sus lugares teniendo diversas actividades; haciendo equipo con las 16 alcald\u00edas para construir juntos la #NuevaCapital\u201d, escribi\u00f3 en su cuenta de X.<br><\/p>\n\n\n\n<p class=\"wp-block-paragraph\">Sin embargo, de manera confrontativa, la exalcaldesa respondi\u00f3: \u201cestimada Sandra Cuevas, desde el 16 de septiembre solicit\u00e9 licencia como alcaldesa y no me corresponde otorgar permisos para usar la v\u00eda p\u00fablica. No te preocupes, en los gobiernos de #Morena se garantiza la libre manifestaci\u00f3n de ideas, a diferencia de Cuauht\u00e9moc y otras alcald\u00edas del PRIAN que restringen este derecho. Las Utop\u00edas son espacios para que todas y todos ejerzan con libertad sus derechos. Tienen arte, cultura, deporte, recreaci\u00f3n y bienestar. Te invito a visitarlas y cambiar tu perspectiva sobre el dise\u00f1o, uso y disfrute del espacio p\u00fablico\u201d.<br><\/p>\n\n\n\n<p class=\"wp-block-paragraph\">Al ser cuestionado por las presuntas agresiones hacia la alcaldesa de Cuauht\u00e9moc, Mart\u00ed Batres se\u00f1al\u00f3 que el aseguramiento de los veh\u00edculos de Sandra Cuevas fue debido a que no contaban con placas de circulaci\u00f3n para transitar en la metr\u00f3poli.<br><\/p>\n\n\n\n<p class=\"wp-block-paragraph\">\u201cVamos a ver qu\u00e9 es lo que sucedi\u00f3 ah\u00ed, respecto a las motocicletas, nos informaron que se las llevaron al corral\u00f3n porque obstru\u00edan la circulaci\u00f3n de ciertas vialidades primarias y no tra\u00edan placas\u201d, declar\u00f3.<\/p>\n","protected":false},"excerpt":{"rendered":"<p>Un grupo de personas intentaban voltear la motocicleta de la alcaldesa mientras ella se encontraba arriba de \u00e9sta; al mismo tiempo, gritaba: \u201c\u00a1me est\u00e1n secuestrando!\u201d, sin embargo, los hombres continuaban destruyendo el veh\u00edculo. La alcaldesa de Cuauht\u00e9moc, Sandra Cuevas Nieves, acus\u00f3 a la administradora de la Central de Abastos de Iztapalapa, Marcela Villegas, de organizar [&hellip;]<\/p>\n","protected":false},"author":1,"featured_media":37905,"comment_status":"closed","ping_status":"closed","sticky":false,"template":"","format":"standard","meta":{"footnotes":""},"categories":[35],"tags":[],"class_list":["post-37904","post","type-post","status-publish","format-standard","has-post-thumbnail","hentry","category-cdmx"],"_links":{"self":[{"href":"https:\/\/elinformante.mx\/index.php?rest_route=\/wp\/v2\/posts\/37904","targetHints":{"allow":["GET"]}}],"collection":[{"href":"https:\/\/elinformante.mx\/index.php?rest_route=\/wp\/v2\/posts"}],"about":[{"href":"https:\/\/elinformante.mx\/index.php?rest_route=\/wp\/v2\/types\/post"}],"author":[{"embeddable":true,"href":"https:\/\/elinformante.mx\/index.php?rest_route=\/wp\/v2\/users\/1"}],"replies":[{"embeddable":true,"href":"https:\/\/elinformante.mx\/index.php?rest_route=%2Fwp%2Fv2%2Fcomments&post=37904"}],"version-history":[{"count":0,"href":"https:\/\/elinformante.mx\/index.php?rest_route=\/wp\/v2\/posts\/37904\/revisions"}],"wp:featuredmedia":[{"embeddable":true,"href":"https:\/\/elinformante.mx\/index.php?rest_route=\/wp\/v2\/media\/37905"}],"wp:attachment":[{"href":"https:\/\/elinformante.mx\/index.php?rest_route=%2Fwp%2Fv2%2Fmedia&parent=37904"}],"wp:term":[{"taxonomy":"category","embeddable":true,"href":"https:\/\/elinformante.mx\/index.php?rest_route=%2Fwp%2Fv2%2Fcategories&post=37904"},{"taxonomy":"post_tag","embeddable":true,"href":"https:\/\/elinformante.mx\/index.php?rest_route=%2Fwp%2Fv2%2Ftags&post=37904"}],"curies":[{"name":"wp","href":"https:\/\/api.w.org\/{rel}","templated":true}]}}