{"id":38147,"date":"2023-10-10T13:12:06","date_gmt":"2023-10-10T13:12:06","guid":{"rendered":"https:\/\/elinformante.mx\/?p=38147"},"modified":"2023-10-10T13:12:07","modified_gmt":"2023-10-10T13:12:07","slug":"se-pinta-de-verde-el-corredor-azul","status":"publish","type":"post","link":"https:\/\/elinformante.mx\/?p=38147","title":{"rendered":"Se pinta de Verde el \u201cCorredor Azul\u201d"},"content":{"rendered":"\n<blockquote class=\"wp-block-quote is-layout-flow wp-block-quote-is-layout-flow\">\n<p>El dirigente estatal del Partido Verde Ecologista de M\u00e9xico (PVEM) en el Estado de M\u00e9xico, Jos\u00e9 Alberto Couttolenc Buentello anunci\u00f3, desde Tlalnepantla de Baz, la adhesi\u00f3n de Julio Rodr\u00edguez Albarr\u00e1n, con lo cual, suma a su estructura a otro personaje panista del \u201cCorredor Azul\u201d.<\/p>\n<\/blockquote>\n\n\n\n<p>El dirigente estatal del Partido Verde Ecologista de M\u00e9xico (PVEM) en el Estado de M\u00e9xico, Jos\u00e9 Alberto Couttolenc Buentello anunci\u00f3 la adhesi\u00f3n de Julio Rodr\u00edguez Albarr\u00e1n, ex diputado local y ex Presidente Municipal suplente de Tlalnepantla de Baz, sumando a su estructura a otro personaje panista del \u201cCorredor Azul\u201d.<br><\/p>\n\n\n\n<p>\u201cNo nada m\u00e1s estamos desmembrando al PRI, resaltar que lo mejor que ha tenido el PAN en el Estado de M\u00e9xico se encuentra en esta mesa, Jos\u00e9 Luis Dur\u00e1n, dos veces alcalde de Naucalpan, Gonzalo Alarc\u00f3n fue alcalde de Atizap\u00e1n de Zaragoza, Edelmira, que fue alcaldesa de Cuautitl\u00e1n M\u00e9xico, ahora Julio, quien fue diputado, y todos ellos fueron un grupo compacto que llev\u00f3 a Acci\u00f3n Nacional a estar cerca de ganar la gubernatura del Estado de M\u00e9xico, muy lejos de donde se encuentra ahorita\u201d, resalt\u00f3 \u201cPepe\u201d Couttolenc frente a medios de comunicaci\u00f3n, tras resaltar la experiencia laboral y legislativa del panista.<br><\/p>\n\n\n\n<p>En el evento realizado en Tlalnepantla de Baz, al cual se dieron cita otros personajes de peso pol\u00edtico y empresarios, tambi\u00e9n se sum\u00f3 Jorge Luis Portillo Salgado, ex regidor del Partido Encuentro Social (PES) de Atizap\u00e1n de Zaragoza.<br><\/p>\n\n\n\n<p>En su intervenci\u00f3n, el exdiputado se comprometi\u00f3 a sumarse con todas sus capacidades a las causas del Partido Verde y al proyecto en el Estado de M\u00e9xico. Del mismo modo, expres\u00f3 su inter\u00e9s en \u201cservir, ayudar y dotar de elementos a la gobernadora Delfina G\u00f3mez \u00c1lvarez que le permitan transformar al Edomex en todos los sentidos\u201d.<br><\/p>\n\n\n\n<figure class=\"wp-block-image size-large\"><img fetchpriority=\"high\" decoding=\"async\" width=\"1024\" height=\"503\" src=\"https:\/\/elinformante.mx\/wp-content\/uploads\/2023\/10\/se-pinta-2-1024x503.jpg\" alt=\"\" class=\"wp-image-38149\" srcset=\"https:\/\/elinformante.mx\/wp-content\/uploads\/2023\/10\/se-pinta-2-1024x503.jpg 1024w, https:\/\/elinformante.mx\/wp-content\/uploads\/2023\/10\/se-pinta-2-300x147.jpg 300w, https:\/\/elinformante.mx\/wp-content\/uploads\/2023\/10\/se-pinta-2-768x377.jpg 768w, https:\/\/elinformante.mx\/wp-content\/uploads\/2023\/10\/se-pinta-2-580x285.jpg 580w, https:\/\/elinformante.mx\/wp-content\/uploads\/2023\/10\/se-pinta-2-860x422.jpg 860w, https:\/\/elinformante.mx\/wp-content\/uploads\/2023\/10\/se-pinta-2.jpg 1140w\" sizes=\"(max-width: 1024px) 100vw, 1024px\" \/><\/figure>\n\n\n\n<p>\u201cNecesitamos seguir integrando propuestas serias, realizables, que busquen en todo momento el bienestar de los mexiquenses para poder ser dignos de su apoyo y de su confianza\u201d, afirm\u00f3.<br><\/p>\n\n\n\n<p>Tras agradecer la oportunidad de sumarse al Verde en beneficio de la sociedad atizapense, Portillo Salgado asegur\u00f3 que comulga con los ideales del partido y con el trabajo que dirige Couttolenc Buentello con quien, afirm\u00f3, se lograr\u00e1n muchas cosas.<br><\/p>\n\n\n\n<p>\u201cEspero que en alg\u00fan momento de la vida sepan que su servidor trabaj\u00f3 por el municipio de Atizap\u00e1n, dando la cara a la ciudadan\u00eda y sin avergonzarme de alguna conducta que no sea honesta y que no sea de puro trabajo, much\u00edsimas gracias\u201d, expres\u00f3.<br><\/p>\n\n\n\n<p>Couttolenc Buentello record\u00f3 que, en la actualidad el PVEM se ha posicionado como tercera fuerza pol\u00edtica en la entidad a lado del PAN, sin embargo, buscar\u00e1n la segunda posici\u00f3n, con la sumatoria semanal de importantes cuadros pol\u00edticos.<br><\/p>\n\n\n\n<p>Rodr\u00edguez Albarr\u00e1n fue diputado local de la LVI Legislatura del Estado de M\u00e9xico, Presidente Municipal suplente de Tlalnepantla de Baz, de 2003 a 2006, Secretario del Ayuntamiento de Coacalco de Berrioz\u00e1bal, de 2003 a 2004, Subsecretario de Ayuntamiento, en Tlalnepantla de Baz, en 1999, entre otros. Actualmente se desempe\u00f1a como director general de Grupo Consultor Inmobiliario Albar y en ROAL Log\u00edstica Agroalimentaria.<\/p>\n","protected":false},"excerpt":{"rendered":"<p>El dirigente estatal del Partido Verde Ecologista de M\u00e9xico (PVEM) en el Estado de M\u00e9xico, Jos\u00e9 Alberto Couttolenc Buentello anunci\u00f3, desde Tlalnepantla de Baz, la adhesi\u00f3n de Julio Rodr\u00edguez Albarr\u00e1n, con lo cual, suma a su estructura a otro personaje panista del \u201cCorredor Azul\u201d. El dirigente estatal del Partido Verde Ecologista de M\u00e9xico (PVEM) en [&hellip;]<\/p>\n","protected":false},"author":1,"featured_media":38148,"comment_status":"closed","ping_status":"closed","sticky":false,"template":"","format":"standard","meta":{"footnotes":""},"categories":[30,31],"tags":[],"class_list":["post-38147","post","type-post","status-publish","format-standard","has-post-thumbnail","hentry","category-destacado","category-portada"],"_links":{"self":[{"href":"https:\/\/elinformante.mx\/index.php?rest_route=\/wp\/v2\/posts\/38147","targetHints":{"allow":["GET"]}}],"collection":[{"href":"https:\/\/elinformante.mx\/index.php?rest_route=\/wp\/v2\/posts"}],"about":[{"href":"https:\/\/elinformante.mx\/index.php?rest_route=\/wp\/v2\/types\/post"}],"author":[{"embeddable":true,"href":"https:\/\/elinformante.mx\/index.php?rest_route=\/wp\/v2\/users\/1"}],"replies":[{"embeddable":true,"href":"https:\/\/elinformante.mx\/index.php?rest_route=%2Fwp%2Fv2%2Fcomments&post=38147"}],"version-history":[{"count":0,"href":"https:\/\/elinformante.mx\/index.php?rest_route=\/wp\/v2\/posts\/38147\/revisions"}],"wp:featuredmedia":[{"embeddable":true,"href":"https:\/\/elinformante.mx\/index.php?rest_route=\/wp\/v2\/media\/38148"}],"wp:attachment":[{"href":"https:\/\/elinformante.mx\/index.php?rest_route=%2Fwp%2Fv2%2Fmedia&parent=38147"}],"wp:term":[{"taxonomy":"category","embeddable":true,"href":"https:\/\/elinformante.mx\/index.php?rest_route=%2Fwp%2Fv2%2Fcategories&post=38147"},{"taxonomy":"post_tag","embeddable":true,"href":"https:\/\/elinformante.mx\/index.php?rest_route=%2Fwp%2Fv2%2Ftags&post=38147"}],"curies":[{"name":"wp","href":"https:\/\/api.w.org\/{rel}","templated":true}]}}