{"id":38151,"date":"2023-10-10T13:14:38","date_gmt":"2023-10-10T13:14:38","guid":{"rendered":"https:\/\/elinformante.mx\/?p=38151"},"modified":"2023-10-10T13:14:39","modified_gmt":"2023-10-10T13:14:39","slug":"impulsa-uaemex-a-jovenes-para-lograr-sus-metas-profesionales","status":"publish","type":"post","link":"https:\/\/elinformante.mx\/?p=38151","title":{"rendered":"Impulsa UAEM\u00e9x a j\u00f3venes para lograr sus metas profesionales"},"content":{"rendered":"\n<blockquote class=\"wp-block-quote is-layout-flow wp-block-quote-is-layout-flow\">\n<p>El Rector Carlos Eduardo Barrera D\u00edaz encabez\u00f3 conferencia Those who inspire M\u00e9xico II.<\/p>\n<\/blockquote>\n\n\n\n<p>Con el prop\u00f3sito de inspirar al estudiantado a lograr sus metas profesionales, el rector de la Universidad Aut\u00f3noma del Estado de M\u00e9xico (UAEM\u00e9x), Carlos Eduardo Barrera D\u00edaz, encabez\u00f3 la conferencia magistral \u201cThose who inspire M\u00e9xico II\u201d, que impartieron la periodista Roc\u00edo Marfil y la empresaria y consultora Claudia Ja\u00f1ez.<br><\/p>\n\n\n\n<p>En el Auditorio \u201cIng. Jos\u00e9 Yurrieta\u201d, el secretario de docencia de la UAEM\u00e9x, Raymundo Marcial Romero, dio la bienvenida a las conferencistas, esperando que su mensaje sea inspirador para la comunidad universitaria y les aporte herramientas en su pr\u00f3ximo desempe\u00f1o profesional.<br><\/p>\n\n\n\n<p>\u00a0\u201cLa tenacidad, el enfoque, la resiliencia, la adaptabilidad y el esfuerzo cotidiano, el coloquial \u201cecharle muchas ganas\u201d son algunas de las cualidades que distinguen a algunos mexicanos que d\u00eda con d\u00eda se esfuerzan por salir adelante y que sobreponi\u00e9ndose a la adversidad y a toda clase de obst\u00e1culos logran construir los proyectos de vida que son ejemplo e inspiraci\u00f3n para los dem\u00e1s. El proyecto global \u201clos que nos inspiran\u201d -en espa\u00f1ol- busca mostrar aquellos h\u00e9roes cotidianos que en sus comunidades son referencia de \u00e9xito y punto de partida de quienes lo rodean\u201d, afirm\u00f3.<br><\/p>\n\n\n\n<p>Durante la conferencia, estudiantes de nivel superior recibieron el libro \u201cThose who inspire M\u00e9xico II\u201d, coeditado por la periodista espa\u00f1ola Roc\u00edo Marfil, el cual es un compendio de 118 entrevistas a mexicanos que pese a las adversidades socioecon\u00f3micas, f\u00edsicas o culturales se han convertido en l\u00edderes en sus diferentes \u00e1mbitos profesionales o laborales.<br><\/p>\n\n\n\n<figure class=\"wp-block-image size-large\"><img fetchpriority=\"high\" decoding=\"async\" width=\"1024\" height=\"503\" src=\"https:\/\/elinformante.mx\/wp-content\/uploads\/2023\/10\/impulsa-uaemex-2-1024x503.jpg\" alt=\"\" class=\"wp-image-38153\" srcset=\"https:\/\/elinformante.mx\/wp-content\/uploads\/2023\/10\/impulsa-uaemex-2-1024x503.jpg 1024w, https:\/\/elinformante.mx\/wp-content\/uploads\/2023\/10\/impulsa-uaemex-2-300x147.jpg 300w, https:\/\/elinformante.mx\/wp-content\/uploads\/2023\/10\/impulsa-uaemex-2-768x377.jpg 768w, https:\/\/elinformante.mx\/wp-content\/uploads\/2023\/10\/impulsa-uaemex-2-580x285.jpg 580w, https:\/\/elinformante.mx\/wp-content\/uploads\/2023\/10\/impulsa-uaemex-2-860x422.jpg 860w, https:\/\/elinformante.mx\/wp-content\/uploads\/2023\/10\/impulsa-uaemex-2.jpg 1140w\" sizes=\"(max-width: 1024px) 100vw, 1024px\" \/><\/figure>\n\n\n\n<p>Marfil agradeci\u00f3 a la UAEM\u00e9x la posibilidad de que el libro llegue a los estudiantes, lo que permite visibilizar a personas que est\u00e1n logrando y destacando desde diversas trincheras en el \u00e1mbito profesional, impactando positivamente a M\u00e9xico.<br><\/p>\n\n\n\n<p>\u201cAs\u00ed que por eso estoy aqu\u00ed hoy, porque son una de las universidades que van a recibir este libro por importancia, por envergadura y por mucho m\u00e1s, sois la Universidad m\u00e1s importante del Estado de M\u00e9xico, uno de los estados m\u00e1s importantes de este pa\u00eds. Vosotros form\u00e1is parte del futuro del estado y del pa\u00eds, as\u00ed que reconozco y espero que conozc\u00e1is vosotros qui\u00e9nes sois y lo importante, sois el futuro de este pa\u00eds en muchos aspectos\u201d, expres\u00f3.<br><\/p>\n\n\n\n<p>En tanto, Ja\u00f1ez, una de las mexicanas entrevistadas para el libro, comparti\u00f3 con la audiencia algunas de las cualidades y habilidades que tuvo que trabajar para destacarse en el mundo empresarial nacional e internacional.<br><\/p>\n\n\n\n<p>Ja\u00f1ez refiri\u00f3 que algunas caracter\u00edsticas del liderazgo son la adaptabilidad, el inter\u00e9s por seguir form\u00e1ndose, encontrar felicidad, al ayudar a los dem\u00e1s, la integridad y la \u00e9tica en el actuar.<\/p>\n\n\n\n<figure class=\"wp-block-image size-large\"><img decoding=\"async\" width=\"1024\" height=\"503\" src=\"https:\/\/elinformante.mx\/wp-content\/uploads\/2023\/10\/impulsa-uaemex-3-1024x503.jpg\" alt=\"\" class=\"wp-image-38154\" srcset=\"https:\/\/elinformante.mx\/wp-content\/uploads\/2023\/10\/impulsa-uaemex-3-1024x503.jpg 1024w, https:\/\/elinformante.mx\/wp-content\/uploads\/2023\/10\/impulsa-uaemex-3-300x147.jpg 300w, https:\/\/elinformante.mx\/wp-content\/uploads\/2023\/10\/impulsa-uaemex-3-768x377.jpg 768w, https:\/\/elinformante.mx\/wp-content\/uploads\/2023\/10\/impulsa-uaemex-3-580x285.jpg 580w, https:\/\/elinformante.mx\/wp-content\/uploads\/2023\/10\/impulsa-uaemex-3-860x422.jpg 860w, https:\/\/elinformante.mx\/wp-content\/uploads\/2023\/10\/impulsa-uaemex-3.jpg 1140w\" sizes=\"(max-width: 1024px) 100vw, 1024px\" \/><\/figure>\n","protected":false},"excerpt":{"rendered":"<p>El Rector Carlos Eduardo Barrera D\u00edaz encabez\u00f3 conferencia Those who inspire M\u00e9xico II. Con el prop\u00f3sito de inspirar al estudiantado a lograr sus metas profesionales, el rector de la Universidad Aut\u00f3noma del Estado de M\u00e9xico (UAEM\u00e9x), Carlos Eduardo Barrera D\u00edaz, encabez\u00f3 la conferencia magistral \u201cThose who inspire M\u00e9xico II\u201d, que impartieron la periodista Roc\u00edo Marfil [&hellip;]<\/p>\n","protected":false},"author":1,"featured_media":38152,"comment_status":"closed","ping_status":"closed","sticky":false,"template":"","format":"standard","meta":{"footnotes":""},"categories":[30,31],"tags":[],"class_list":["post-38151","post","type-post","status-publish","format-standard","has-post-thumbnail","hentry","category-destacado","category-portada"],"_links":{"self":[{"href":"https:\/\/elinformante.mx\/index.php?rest_route=\/wp\/v2\/posts\/38151","targetHints":{"allow":["GET"]}}],"collection":[{"href":"https:\/\/elinformante.mx\/index.php?rest_route=\/wp\/v2\/posts"}],"about":[{"href":"https:\/\/elinformante.mx\/index.php?rest_route=\/wp\/v2\/types\/post"}],"author":[{"embeddable":true,"href":"https:\/\/elinformante.mx\/index.php?rest_route=\/wp\/v2\/users\/1"}],"replies":[{"embeddable":true,"href":"https:\/\/elinformante.mx\/index.php?rest_route=%2Fwp%2Fv2%2Fcomments&post=38151"}],"version-history":[{"count":0,"href":"https:\/\/elinformante.mx\/index.php?rest_route=\/wp\/v2\/posts\/38151\/revisions"}],"wp:featuredmedia":[{"embeddable":true,"href":"https:\/\/elinformante.mx\/index.php?rest_route=\/wp\/v2\/media\/38152"}],"wp:attachment":[{"href":"https:\/\/elinformante.mx\/index.php?rest_route=%2Fwp%2Fv2%2Fmedia&parent=38151"}],"wp:term":[{"taxonomy":"category","embeddable":true,"href":"https:\/\/elinformante.mx\/index.php?rest_route=%2Fwp%2Fv2%2Fcategories&post=38151"},{"taxonomy":"post_tag","embeddable":true,"href":"https:\/\/elinformante.mx\/index.php?rest_route=%2Fwp%2Fv2%2Ftags&post=38151"}],"curies":[{"name":"wp","href":"https:\/\/api.w.org\/{rel}","templated":true}]}}