{"id":38156,"date":"2023-10-10T13:16:27","date_gmt":"2023-10-10T13:16:27","guid":{"rendered":"https:\/\/elinformante.mx\/?p=38156"},"modified":"2023-10-10T13:16:28","modified_gmt":"2023-10-10T13:16:28","slug":"dos-millones-y-medio-de-mexicanos-padecen-ansiedad-revela-el-imss","status":"publish","type":"post","link":"https:\/\/elinformante.mx\/?p=38156","title":{"rendered":"Dos millones y medio de mexicanos padecen ansiedad, revela el IMSS"},"content":{"rendered":"\n<blockquote class=\"wp-block-quote is-layout-flow wp-block-quote-is-layout-flow\">\n<p>La ansiedad es el problema de salud mental que con m\u00e1s frecuencia atiende el IMSS.<\/p>\n<\/blockquote>\n\n\n\n<p>La ansiedad es el problema de salud mental que con m\u00e1s frecuencia atiende el Instituto Mexicano del Seguro Social (IMSS) en nuestro pa\u00eds.<br><\/p>\n\n\n\n<p>Del total de derechohabientes que reciben tratamiento para trastornos mentales, el 81 por ciento sufre de ansiedad. Tan solo durante 2022, en todo el pa\u00eds, el Censo de Salud Mental registr\u00f3 m\u00e1s de 2 millones y medio de mexicanos con este padecimiento.<br><\/p>\n\n\n\n<p>En el marco del D\u00eda Mundial de la Salud Mental que se conmemora cada 10 de octubre, Francisco Paredes Cruz, coordinador de Programas M\u00e9dicos de la coordinaci\u00f3n de salud mental y adicciones del IMSS, se\u00f1al\u00f3 que los problemas de salud mental surgen alrededor de los 39 a\u00f1os de edad en hombres y mujeres.<br><\/p>\n\n\n\n<p>A\u00f1adi\u00f3 que por el padecimiento de depresi\u00f3n se atendi\u00f3 a m\u00e1s de 194 mil derechohabientes, lo que se suma a otras enfermedades, como demencia, esquizofrenia y problemas de conducta alimentaria.<br><\/p>\n\n\n\n<p>Por lo anterior, el especialista se\u00f1al\u00f3 que, desde el primer nivel de atenci\u00f3n, el IMSS tiene un equipo multidisciplinario para cuidar la salud mental de los derechohabientes.<br><\/p>\n\n\n\n<p>\u201cEl Instituto cuenta con 408 psiquiatras, 582 psic\u00f3logos, as\u00ed como personal no especializado que ha recibido capacitaci\u00f3n en la materia.<br><\/p>\n\n\n\n<p>\u201cSe trata de 23 mil 909 m\u00e9dicos familiares, 12 mil 734 enfermeras en unidades de Primer Nivel y 5 mil 558 trabajadoras sociales, quienes laboran en las 35 representaciones del Seguro Social en el pa\u00eds y atienden principalmente problemas de ansiedad, depresi\u00f3n y trastornos emocionales\u201d, detall\u00f3.<br><\/p>\n\n\n\n<p>De acuerdo con el Inegi, en el a\u00f1o 2022 se registraron 8 mil 237 suicidios en M\u00e9xico, comparados con los 8 mil 432 de 2021, el a\u00f1o con m\u00e1s casos reportados en nuestro pa\u00eds.<\/p>\n","protected":false},"excerpt":{"rendered":"<p>La ansiedad es el problema de salud mental que con m\u00e1s frecuencia atiende el IMSS. La ansiedad es el problema de salud mental que con m\u00e1s frecuencia atiende el Instituto Mexicano del Seguro Social (IMSS) en nuestro pa\u00eds. Del total de derechohabientes que reciben tratamiento para trastornos mentales, el 81 por ciento sufre de ansiedad. [&hellip;]<\/p>\n","protected":false},"author":1,"featured_media":38157,"comment_status":"closed","ping_status":"closed","sticky":false,"template":"","format":"standard","meta":{"footnotes":""},"categories":[30,31],"tags":[],"class_list":["post-38156","post","type-post","status-publish","format-standard","has-post-thumbnail","hentry","category-destacado","category-portada"],"_links":{"self":[{"href":"https:\/\/elinformante.mx\/index.php?rest_route=\/wp\/v2\/posts\/38156","targetHints":{"allow":["GET"]}}],"collection":[{"href":"https:\/\/elinformante.mx\/index.php?rest_route=\/wp\/v2\/posts"}],"about":[{"href":"https:\/\/elinformante.mx\/index.php?rest_route=\/wp\/v2\/types\/post"}],"author":[{"embeddable":true,"href":"https:\/\/elinformante.mx\/index.php?rest_route=\/wp\/v2\/users\/1"}],"replies":[{"embeddable":true,"href":"https:\/\/elinformante.mx\/index.php?rest_route=%2Fwp%2Fv2%2Fcomments&post=38156"}],"version-history":[{"count":0,"href":"https:\/\/elinformante.mx\/index.php?rest_route=\/wp\/v2\/posts\/38156\/revisions"}],"wp:featuredmedia":[{"embeddable":true,"href":"https:\/\/elinformante.mx\/index.php?rest_route=\/wp\/v2\/media\/38157"}],"wp:attachment":[{"href":"https:\/\/elinformante.mx\/index.php?rest_route=%2Fwp%2Fv2%2Fmedia&parent=38156"}],"wp:term":[{"taxonomy":"category","embeddable":true,"href":"https:\/\/elinformante.mx\/index.php?rest_route=%2Fwp%2Fv2%2Fcategories&post=38156"},{"taxonomy":"post_tag","embeddable":true,"href":"https:\/\/elinformante.mx\/index.php?rest_route=%2Fwp%2Fv2%2Ftags&post=38156"}],"curies":[{"name":"wp","href":"https:\/\/api.w.org\/{rel}","templated":true}]}}