{"id":38159,"date":"2023-10-10T13:18:46","date_gmt":"2023-10-10T13:18:46","guid":{"rendered":"https:\/\/elinformante.mx\/?p=38159"},"modified":"2023-10-10T13:18:46","modified_gmt":"2023-10-10T13:18:46","slug":"mexico-esta-a-favor-de-la-paz-y-rechaza-la-violencia-amlo","status":"publish","type":"post","link":"https:\/\/elinformante.mx\/?p=38159","title":{"rendered":"M\u00c9XICO EST\u00c1 A FAVOR DE LA PAZ Y RECHAZA LA VIOLENCIA: AMLO"},"content":{"rendered":"\n<blockquote class=\"wp-block-quote is-layout-flow wp-block-quote-is-layout-flow\">\n<p>El presidente de M\u00e9xico inform\u00f3 que el gobierno federal env\u00eda aviones para repatriar a mexicanos en Israel.<\/p>\n<\/blockquote>\n\n\n\n<p>El presidente Andr\u00e9s Manuel L\u00f3pez Obrador reafirm\u00f3 la postura de M\u00e9xico frente a los conflictos internacionales, estipulada en la Constituci\u00f3n: no intervenci\u00f3n, autodeterminaci\u00f3n de los pueblos, cooperaci\u00f3n para el desarrollo y soluci\u00f3n pac\u00edfica de las controversias.<br><\/p>\n\n\n\n<p>\u201cEsa es nuestra postura. No queremos la guerra, no queremos la confrontaci\u00f3n, no queremos la violencia. Nosotros sostenemos que es lo m\u00e1s irracional que puede haber, que puede existir: la confrontaci\u00f3n, el uso de la fuerza y la guerra, que produce mucho sufrimiento. No queremos v\u00edctimas por las guerras. Lamentamos mucho lo que est\u00e1 pasando por este enfrentamiento de palestinos e israelitas\u201d, remarc\u00f3.<br><\/p>\n\n\n\n<figure class=\"wp-block-image size-large\"><img fetchpriority=\"high\" decoding=\"async\" width=\"1024\" height=\"503\" src=\"https:\/\/elinformante.mx\/wp-content\/uploads\/2023\/10\/mexico-esta-2-1024x503.jpg\" alt=\"\" class=\"wp-image-38161\" srcset=\"https:\/\/elinformante.mx\/wp-content\/uploads\/2023\/10\/mexico-esta-2-1024x503.jpg 1024w, https:\/\/elinformante.mx\/wp-content\/uploads\/2023\/10\/mexico-esta-2-300x147.jpg 300w, https:\/\/elinformante.mx\/wp-content\/uploads\/2023\/10\/mexico-esta-2-768x377.jpg 768w, https:\/\/elinformante.mx\/wp-content\/uploads\/2023\/10\/mexico-esta-2-580x285.jpg 580w, https:\/\/elinformante.mx\/wp-content\/uploads\/2023\/10\/mexico-esta-2-860x422.jpg 860w, https:\/\/elinformante.mx\/wp-content\/uploads\/2023\/10\/mexico-esta-2.jpg 1140w\" sizes=\"(max-width: 1024px) 100vw, 1024px\" \/><\/figure>\n\n\n\n<p>En conferencia de prensa, el jefe del Ejecutivo sostuvo que la Organizaci\u00f3n de las Naciones Unidas debe tomar un papel protag\u00f3nico, realizar acciones contundentes de mediaci\u00f3n hacia la b\u00fasqueda de la paz y pronunciarse en una asamblea, con la participaci\u00f3n de los pa\u00edses miembros, por el di\u00e1logo que promueva la soluci\u00f3n pac\u00edfica.<br><\/p>\n\n\n\n<p>\u201cSentimos que hace falta m\u00e1s actividad de la ONU, actuar m\u00e1s y no quedarnos con los procedimientos de anta\u00f1o de que todo pasa por el Consejo de Seguridad y si un miembro veta una iniciativa que va con el prop\u00f3sito de conseguir la paz, ya se paraliz\u00f3, ya se nulific\u00f3 por completo. Eso debe cambiar\u201d, enfatiz\u00f3.<br><\/p>\n\n\n\n<figure class=\"wp-block-image size-large\"><img decoding=\"async\" width=\"1024\" height=\"503\" src=\"https:\/\/elinformante.mx\/wp-content\/uploads\/2023\/10\/mexico-esta-4-1024x503.jpg\" alt=\"\" class=\"wp-image-38162\" srcset=\"https:\/\/elinformante.mx\/wp-content\/uploads\/2023\/10\/mexico-esta-4-1024x503.jpg 1024w, https:\/\/elinformante.mx\/wp-content\/uploads\/2023\/10\/mexico-esta-4-300x147.jpg 300w, https:\/\/elinformante.mx\/wp-content\/uploads\/2023\/10\/mexico-esta-4-768x377.jpg 768w, https:\/\/elinformante.mx\/wp-content\/uploads\/2023\/10\/mexico-esta-4-580x285.jpg 580w, https:\/\/elinformante.mx\/wp-content\/uploads\/2023\/10\/mexico-esta-4-860x422.jpg 860w, https:\/\/elinformante.mx\/wp-content\/uploads\/2023\/10\/mexico-esta-4.jpg 1140w\" sizes=\"(max-width: 1024px) 100vw, 1024px\" \/><\/figure>\n\n\n\n<p>El presidente reiter\u00f3 que en M\u00e9xico \u201cno queremos tomar partido porque queremos ser factor para la b\u00fasqueda de una soluci\u00f3n pac\u00edfica. Cuando se enfrentan estos conflictos tan lamentables, de mucha gravedad, m\u00e1s que condenas lo que requiere es b\u00fasqueda de soluciones pac\u00edficas, que se dialogue y que se evite el que escale m\u00e1s la confrontaci\u00f3n y la violencia. Ya son hasta ahora lamentablemente muchos muertos, tanto de Israel como de Palestina y no queremos eso. Vamos a seguir convocando al di\u00e1logo\u201d.<br><\/p>\n\n\n\n<p>Este d\u00eda, el Gobierno de M\u00e9xico enviar\u00e1 aviones de la Fuerza A\u00e9rea Mexicana a Israel para repatriar a mexicanas y mexicanos que ah\u00ed se encuentran, inform\u00f3 el presidente L\u00f3pez Obrador.<br><\/p>\n\n\n\n<figure class=\"wp-block-image size-large\"><img decoding=\"async\" width=\"1024\" height=\"503\" src=\"https:\/\/elinformante.mx\/wp-content\/uploads\/2023\/10\/MEXICO-ESTA-3-1024x503.jpg\" alt=\"\" class=\"wp-image-38163\" srcset=\"https:\/\/elinformante.mx\/wp-content\/uploads\/2023\/10\/MEXICO-ESTA-3-1024x503.jpg 1024w, https:\/\/elinformante.mx\/wp-content\/uploads\/2023\/10\/MEXICO-ESTA-3-300x147.jpg 300w, https:\/\/elinformante.mx\/wp-content\/uploads\/2023\/10\/MEXICO-ESTA-3-768x377.jpg 768w, https:\/\/elinformante.mx\/wp-content\/uploads\/2023\/10\/MEXICO-ESTA-3-580x285.jpg 580w, https:\/\/elinformante.mx\/wp-content\/uploads\/2023\/10\/MEXICO-ESTA-3-860x422.jpg 860w, https:\/\/elinformante.mx\/wp-content\/uploads\/2023\/10\/MEXICO-ESTA-3.jpg 1140w\" sizes=\"(max-width: 1024px) 100vw, 1024px\" \/><\/figure>\n\n\n\n<p>Agreg\u00f3 que alrededor de 300 mexicanos est\u00e1n a la espera de las aeronaves ante la imposibilidad de tomar un vuelo comercial por cancelaci\u00f3n derivada del conflicto.<br><\/p>\n\n\n\n<p>Report\u00f3 que tres mexicanos est\u00e1n desaparecidos, por lo que las autoridades mexicanas ya est\u00e1n en contacto con las familias de las v\u00edctimas.<br><\/p>\n\n\n\n<p>El mandatario indic\u00f3 que cerca de 5 mil connacionales viven en Israel.<\/p>\n\n\n\n<figure class=\"wp-block-image size-large\"><img loading=\"lazy\" decoding=\"async\" width=\"1024\" height=\"503\" src=\"https:\/\/elinformante.mx\/wp-content\/uploads\/2023\/10\/mexico-esta-5-1024x503.jpg\" alt=\"\" class=\"wp-image-38164\" srcset=\"https:\/\/elinformante.mx\/wp-content\/uploads\/2023\/10\/mexico-esta-5-1024x503.jpg 1024w, https:\/\/elinformante.mx\/wp-content\/uploads\/2023\/10\/mexico-esta-5-300x147.jpg 300w, https:\/\/elinformante.mx\/wp-content\/uploads\/2023\/10\/mexico-esta-5-768x377.jpg 768w, https:\/\/elinformante.mx\/wp-content\/uploads\/2023\/10\/mexico-esta-5-580x285.jpg 580w, https:\/\/elinformante.mx\/wp-content\/uploads\/2023\/10\/mexico-esta-5-860x422.jpg 860w, https:\/\/elinformante.mx\/wp-content\/uploads\/2023\/10\/mexico-esta-5.jpg 1140w\" sizes=\"(max-width: 1024px) 100vw, 1024px\" \/><\/figure>\n","protected":false},"excerpt":{"rendered":"<p>El presidente de M\u00e9xico inform\u00f3 que el gobierno federal env\u00eda aviones para repatriar a mexicanos en Israel. El presidente Andr\u00e9s Manuel L\u00f3pez Obrador reafirm\u00f3 la postura de M\u00e9xico frente a los conflictos internacionales, estipulada en la Constituci\u00f3n: no intervenci\u00f3n, autodeterminaci\u00f3n de los pueblos, cooperaci\u00f3n para el desarrollo y soluci\u00f3n pac\u00edfica de las controversias. \u201cEsa es [&hellip;]<\/p>\n","protected":false},"author":1,"featured_media":38160,"comment_status":"closed","ping_status":"closed","sticky":false,"template":"","format":"standard","meta":{"footnotes":""},"categories":[30,31],"tags":[],"class_list":["post-38159","post","type-post","status-publish","format-standard","has-post-thumbnail","hentry","category-destacado","category-portada"],"_links":{"self":[{"href":"https:\/\/elinformante.mx\/index.php?rest_route=\/wp\/v2\/posts\/38159","targetHints":{"allow":["GET"]}}],"collection":[{"href":"https:\/\/elinformante.mx\/index.php?rest_route=\/wp\/v2\/posts"}],"about":[{"href":"https:\/\/elinformante.mx\/index.php?rest_route=\/wp\/v2\/types\/post"}],"author":[{"embeddable":true,"href":"https:\/\/elinformante.mx\/index.php?rest_route=\/wp\/v2\/users\/1"}],"replies":[{"embeddable":true,"href":"https:\/\/elinformante.mx\/index.php?rest_route=%2Fwp%2Fv2%2Fcomments&post=38159"}],"version-history":[{"count":0,"href":"https:\/\/elinformante.mx\/index.php?rest_route=\/wp\/v2\/posts\/38159\/revisions"}],"wp:featuredmedia":[{"embeddable":true,"href":"https:\/\/elinformante.mx\/index.php?rest_route=\/wp\/v2\/media\/38160"}],"wp:attachment":[{"href":"https:\/\/elinformante.mx\/index.php?rest_route=%2Fwp%2Fv2%2Fmedia&parent=38159"}],"wp:term":[{"taxonomy":"category","embeddable":true,"href":"https:\/\/elinformante.mx\/index.php?rest_route=%2Fwp%2Fv2%2Fcategories&post=38159"},{"taxonomy":"post_tag","embeddable":true,"href":"https:\/\/elinformante.mx\/index.php?rest_route=%2Fwp%2Fv2%2Ftags&post=38159"}],"curies":[{"name":"wp","href":"https:\/\/api.w.org\/{rel}","templated":true}]}}