{"id":38176,"date":"2023-10-10T13:43:53","date_gmt":"2023-10-10T13:43:53","guid":{"rendered":"https:\/\/elinformante.mx\/?p=38176"},"modified":"2023-10-10T13:45:02","modified_gmt":"2023-10-10T13:45:02","slug":"en-san-mateo-atenco-se-llevan-a-cabo-actividades-para-adultos-mayores","status":"publish","type":"post","link":"https:\/\/elinformante.mx\/?p=38176","title":{"rendered":"En San Mateo Atenco se llevan a cabo actividades para adultos mayores"},"content":{"rendered":"\n<blockquote class=\"wp-block-quote is-layout-flow wp-block-quote-is-layout-flow\">\n<p>La alcaldesa Ana Mu\u00f1iz Neyra ha enfatizado en varias ocasiones la importancia de cuidar y respetar a nuestros adultos mayores, as\u00ed como de fomentar su inclusi\u00f3n en la sociedad.<\/p>\n<\/blockquote>\n\n\n\n<p>Los adultos mayores de San Mateo Atenco est\u00e1n disfrutando de rutinas de activaci\u00f3n f\u00edsica que se llevan a cabo en el DIF del municipio, gracias a la iniciativa de la alcaldesa Ana Mu\u00f1iz Neyra. Estas actividades tienen como objetivo principal mantener el optimismo y la salud de los residentes mayores de la localidad.<br><\/p>\n\n\n\n<p>Siguiendo las instrucciones de la alcaldesa, los instructores se han dedicado a dise\u00f1ar rutinas espec\u00edficas para adultos mayores que se enfocan en mejorar su flexibilidad y fuerza muscular. En una reciente sesi\u00f3n, los participantes utilizaron sillas como herramientas de apoyo para realizar ejercicios que promueven el bienestar f\u00edsico y emocional.<br><\/p>\n\n\n\n<p>La respuesta de la comunidad de adultos mayores ha sido extraordinaria, demostrando que los programas de integraci\u00f3n social destinados a este grupo de edad est\u00e1n teniendo un impacto positivo en la calidad de vida de los residentes de San Mateo Atenco.<br><\/p>\n\n\n\n<p>Adem\u00e1s de las rutinas de activaci\u00f3n f\u00edsica, el DIF del municipio ofrece una amplia gama de servicios dirigidos a los adultos mayores. Esto incluye clases de costura y capacitaci\u00f3n en el uso de m\u00e1quinas de coser, clases de m\u00fasica, servicios gerontol\u00f3gicos, m\u00e9dicos, odontol\u00f3gicos, jur\u00eddicos y asistenciales, entre otros.<br><\/p>\n\n\n\n<p>La alcaldesa Ana Mu\u00f1iz Neyra ha enfatizado en varias ocasiones la importancia de cuidar y respetar a nuestros adultos mayores, as\u00ed como de fomentar su inclusi\u00f3n en la sociedad. Estas iniciativas son un reflejo del compromiso del municipio de San Mateo Atenco para garantizar una vida plena y saludable para todos sus ciudadanos, sin importar la edad.<br><\/p>\n\n\n\n<p>El DIF del municipio contin\u00faa trabajando arduamente para promover el bienestar de los adultos mayores y crear un ambiente en el que puedan envejecer de manera activa y saludable, contribuyendo al fortalecimiento de la comunidad en su conjunto.<\/p>\n","protected":false},"excerpt":{"rendered":"<p>La alcaldesa Ana Mu\u00f1iz Neyra ha enfatizado en varias ocasiones la importancia de cuidar y respetar a nuestros adultos mayores, as\u00ed como de fomentar su inclusi\u00f3n en la sociedad. Los adultos mayores de San Mateo Atenco est\u00e1n disfrutando de rutinas de activaci\u00f3n f\u00edsica que se llevan a cabo en el DIF del municipio, gracias a [&hellip;]<\/p>\n","protected":false},"author":1,"featured_media":38177,"comment_status":"closed","ping_status":"closed","sticky":false,"template":"","format":"standard","meta":{"footnotes":""},"categories":[36],"tags":[],"class_list":["post-38176","post","type-post","status-publish","format-standard","has-post-thumbnail","hentry","category-edomex"],"_links":{"self":[{"href":"https:\/\/elinformante.mx\/index.php?rest_route=\/wp\/v2\/posts\/38176","targetHints":{"allow":["GET"]}}],"collection":[{"href":"https:\/\/elinformante.mx\/index.php?rest_route=\/wp\/v2\/posts"}],"about":[{"href":"https:\/\/elinformante.mx\/index.php?rest_route=\/wp\/v2\/types\/post"}],"author":[{"embeddable":true,"href":"https:\/\/elinformante.mx\/index.php?rest_route=\/wp\/v2\/users\/1"}],"replies":[{"embeddable":true,"href":"https:\/\/elinformante.mx\/index.php?rest_route=%2Fwp%2Fv2%2Fcomments&post=38176"}],"version-history":[{"count":0,"href":"https:\/\/elinformante.mx\/index.php?rest_route=\/wp\/v2\/posts\/38176\/revisions"}],"wp:featuredmedia":[{"embeddable":true,"href":"https:\/\/elinformante.mx\/index.php?rest_route=\/wp\/v2\/media\/38177"}],"wp:attachment":[{"href":"https:\/\/elinformante.mx\/index.php?rest_route=%2Fwp%2Fv2%2Fmedia&parent=38176"}],"wp:term":[{"taxonomy":"category","embeddable":true,"href":"https:\/\/elinformante.mx\/index.php?rest_route=%2Fwp%2Fv2%2Fcategories&post=38176"},{"taxonomy":"post_tag","embeddable":true,"href":"https:\/\/elinformante.mx\/index.php?rest_route=%2Fwp%2Fv2%2Ftags&post=38176"}],"curies":[{"name":"wp","href":"https:\/\/api.w.org\/{rel}","templated":true}]}}