{"id":38180,"date":"2023-10-10T13:48:53","date_gmt":"2023-10-10T13:48:53","guid":{"rendered":"https:\/\/elinformante.mx\/?p=38180"},"modified":"2023-10-10T13:48:54","modified_gmt":"2023-10-10T13:48:54","slug":"destaca-arte-urbano-y-alternativo-en-festival-quimera-metepec-2023","status":"publish","type":"post","link":"https:\/\/elinformante.mx\/?p=38180","title":{"rendered":"Destaca arte urbano y alternativo en Festival Quimera Metepec 2023"},"content":{"rendered":"\n<blockquote class=\"wp-block-quote is-layout-flow wp-block-quote-is-layout-flow\">\n<p>El presidente municipal, Fernando Flores Fern\u00e1ndez, abre escenarios a los que buscan espacios de expresi\u00f3n.<\/p>\n<\/blockquote>\n\n\n\n<p>Tambi\u00e9n los artistas urbanos y emergentes tienen un lugar especial en el Festival de Arte y Cultura Quimera 2023, que se realiza en site escenarios distintos, as\u00ed como en pueblos y delegaciones municipales de la localidad, con la participaci\u00f3n de cientos de j\u00f3venes que esperaron por a\u00f1os un foro de expresi\u00f3n, a los cuales la administraci\u00f3n de Fernando Flores Fern\u00e1ndez ha abierto las puertas.<br><\/p>\n\n\n\n<p>En el parque \u00c1rbol de la Vida, sobre la vialidad Toluca-Tenango del Valle, artistas urbanos trabajan bajo t\u00e9cnicas como el graffiti y la pintura de expresi\u00f3n para dar vida a murales en los que destacan las tradiciones y costumbres que han enriquecido al Pueblo M\u00e1gico de Metepec, as\u00ed como incursiones en los valores, costumbres, tradiciones y sentimientos de la juventud del siglo XXI.<br><\/p>\n\n\n\n<p>Adem\u00e1s del espacio para su expresi\u00f3n, los artistas urbanos, mujeres y hombres, en su mayor\u00eda j\u00f3venes, est\u00e1n siendo apoyados por el gobierno municipal de Metepec con materiales como pinturas, solventes, estopa y l\u00e1minas para concretar un colorido mural que dar\u00e1 vida a este espacio utilizado normalmente por los vecinos para la pr\u00e1ctica deportiva.<br><\/p>\n\n\n\n<figure class=\"wp-block-image size-large\"><img fetchpriority=\"high\" decoding=\"async\" width=\"1024\" height=\"503\" src=\"https:\/\/elinformante.mx\/wp-content\/uploads\/2023\/10\/destaca-arte-1024x503.jpg\" alt=\"\" class=\"wp-image-38182\" srcset=\"https:\/\/elinformante.mx\/wp-content\/uploads\/2023\/10\/destaca-arte-1024x503.jpg 1024w, https:\/\/elinformante.mx\/wp-content\/uploads\/2023\/10\/destaca-arte-300x147.jpg 300w, https:\/\/elinformante.mx\/wp-content\/uploads\/2023\/10\/destaca-arte-768x377.jpg 768w, https:\/\/elinformante.mx\/wp-content\/uploads\/2023\/10\/destaca-arte-580x285.jpg 580w, https:\/\/elinformante.mx\/wp-content\/uploads\/2023\/10\/destaca-arte-860x422.jpg 860w, https:\/\/elinformante.mx\/wp-content\/uploads\/2023\/10\/destaca-arte.jpg 1140w\" sizes=\"(max-width: 1024px) 100vw, 1024px\" \/><\/figure>\n\n\n\n<p>Por otra parte, en el marco del Festival Internacional de Arte y Cultura Quimera 2023 se han llevado a cabo actividades alternativas como el Show A\u00e9reo de Mab\u00fa, en el que se ense\u00f1\u00f3 la t\u00e9cnica de la danza a\u00e9rea con listones y telas como una forma de expresi\u00f3n f\u00edsica que contribuye a la liberaci\u00f3n a trav\u00e9s del movimiento con gracia y la fortaleza f\u00edsica.<br><\/p>\n\n\n\n<p>Ni\u00f1as y jovencitas tambi\u00e9n tiene foro en el Festival Internacional de Arte y Cultura Quimera 2023 de Metepec<br><\/p>\n\n\n\n<p>En tanto, en el Teatro Quimera de Metepec, el espect\u00e1culo corri\u00f3 a cargo de ni\u00f1as y jovencitas de S\u00b4Tudio Kids Habibi, quienes liberaron todo su talento en danza y danza a\u00e9rea haciendo el deleite de los asistentes que siguen llenando todos los foros donde se desarrollan las m\u00e1s de 300 actividades que incluye el programa oficial de este que es considerado como el principal festival cultural y art\u00edstico del Valle de Toluca.<br><\/p>\n\n\n\n<p>En tanto, alumnos de la tercera generaci\u00f3n de la Licenciatura en Danza, de la Escuela de Artes Esc\u00e9nicas de la Universidad Aut\u00f3noma del Estado de M\u00e9xico, presentaron un recital en el Museo del Barro, mediante el cual expusieron la dolorosa cara del proceso de conquista espa\u00f1ola sobre nuestros pueblos originarios.<\/p>\n","protected":false},"excerpt":{"rendered":"<p>El presidente municipal, Fernando Flores Fern\u00e1ndez, abre escenarios a los que buscan espacios de expresi\u00f3n. Tambi\u00e9n los artistas urbanos y emergentes tienen un lugar especial en el Festival de Arte y Cultura Quimera 2023, que se realiza en site escenarios distintos, as\u00ed como en pueblos y delegaciones municipales de la localidad, con la participaci\u00f3n de [&hellip;]<\/p>\n","protected":false},"author":1,"featured_media":38181,"comment_status":"closed","ping_status":"closed","sticky":false,"template":"","format":"standard","meta":{"footnotes":""},"categories":[36],"tags":[],"class_list":["post-38180","post","type-post","status-publish","format-standard","has-post-thumbnail","hentry","category-edomex"],"_links":{"self":[{"href":"https:\/\/elinformante.mx\/index.php?rest_route=\/wp\/v2\/posts\/38180","targetHints":{"allow":["GET"]}}],"collection":[{"href":"https:\/\/elinformante.mx\/index.php?rest_route=\/wp\/v2\/posts"}],"about":[{"href":"https:\/\/elinformante.mx\/index.php?rest_route=\/wp\/v2\/types\/post"}],"author":[{"embeddable":true,"href":"https:\/\/elinformante.mx\/index.php?rest_route=\/wp\/v2\/users\/1"}],"replies":[{"embeddable":true,"href":"https:\/\/elinformante.mx\/index.php?rest_route=%2Fwp%2Fv2%2Fcomments&post=38180"}],"version-history":[{"count":0,"href":"https:\/\/elinformante.mx\/index.php?rest_route=\/wp\/v2\/posts\/38180\/revisions"}],"wp:featuredmedia":[{"embeddable":true,"href":"https:\/\/elinformante.mx\/index.php?rest_route=\/wp\/v2\/media\/38181"}],"wp:attachment":[{"href":"https:\/\/elinformante.mx\/index.php?rest_route=%2Fwp%2Fv2%2Fmedia&parent=38180"}],"wp:term":[{"taxonomy":"category","embeddable":true,"href":"https:\/\/elinformante.mx\/index.php?rest_route=%2Fwp%2Fv2%2Fcategories&post=38180"},{"taxonomy":"post_tag","embeddable":true,"href":"https:\/\/elinformante.mx\/index.php?rest_route=%2Fwp%2Fv2%2Ftags&post=38180"}],"curies":[{"name":"wp","href":"https:\/\/api.w.org\/{rel}","templated":true}]}}