{"id":38188,"date":"2023-10-10T13:55:29","date_gmt":"2023-10-10T13:55:29","guid":{"rendered":"https:\/\/elinformante.mx\/?p=38188"},"modified":"2023-10-10T13:55:30","modified_gmt":"2023-10-10T13:55:30","slug":"marti-batres-y-el-plan-que-tiene-para-la-cdmx-en-los-proximos-100-dias-de-gobierno","status":"publish","type":"post","link":"https:\/\/elinformante.mx\/?p=38188","title":{"rendered":"Mart\u00ed Batres y el plan que tiene para la CDMX en los pr\u00f3ximos 100 d\u00edas de gobierno"},"content":{"rendered":"\n<blockquote class=\"wp-block-quote is-layout-flow wp-block-quote-is-layout-flow\">\n<p>El pol\u00edtico dio a conocer que se trabaja para dar continuidad al modelo implementado por Claudia Sheinbaum.<\/p>\n<\/blockquote>\n\n\n\n<p>El jefe de Gobierno, Mart\u00ed Batres, dijo que su gesti\u00f3n tiene la intenci\u00f3n de generar un acento social a favor de la ciudadan\u00eda. El pol\u00edtico destac\u00f3 que en los pr\u00f3ximos 100 d\u00edas de su administraci\u00f3n efectuar\u00e1 un programa de 25 puntos determinantes para la Ciudad de M\u00e9xico y de los cuales mencion\u00f3 los siguientes:<\/p>\n\n\n\n<ul class=\"wp-block-list\">\n<li>La l\u00ednea del primer tramo de la L\u00ednea 1 del Metro de Pantitl\u00e1n a Isabel la Cat\u00f3lica.<\/li>\n\n\n\n<li>La inauguraci\u00f3n de las unidades de Cetram en San L\u00e1zaro, Indios Verdes y Mart\u00edn Carrera.<\/li>\n\n\n\n<li>La planta seleccionadora de desechos s\u00f3lidos en Gustavo A. Madero.<\/li>\n\n\n\n<li>La renivelaci\u00f3n en la L\u00ednea 9 en la estaci\u00f3n Pantitl\u00e1n.<\/li>\n\n\n\n<li>La reapertura de dos l\u00edneas m\u00e1s de la L\u00ednea 12.<\/li>\n\n\n\n<li>La obra civil del Tren Interurbano.<\/li>\n\n\n\n<li>La terminaci\u00f3n de la L\u00ednea 3 del Cableb\u00fas.<\/li>\n\n\n\n<li>La planta fotovoltaica de la Central de Abasto.<\/li>\n<\/ul>\n\n\n\n<p>Destac\u00f3 que el Metro ser\u00e1 m\u00e1s seguro, c\u00f3modo, con m\u00e1s tecnolog\u00edas y totalmente renovado para que la poblaci\u00f3n de la capital pueda trasladarse de manera eficiente y segura.<br><\/p>\n\n\n\n<p>El funcionario dio a conocer que las obras que se llevar\u00e1n a cabo en su administraci\u00f3n desde cero son las siguientes:<br><\/p>\n\n\n\n<ul class=\"wp-block-list\">\n<li>La L\u00ednea del Metrob\u00fas para la L\u00ednea 9 en la zona de Pantitl\u00e1n.<\/li>\n\n\n\n<li>La avenida del Troleb\u00fas en avenida Aztecas.<\/li>\n<\/ul>\n\n\n\n<figure class=\"wp-block-image size-large\"><img fetchpriority=\"high\" decoding=\"async\" width=\"1024\" height=\"503\" src=\"https:\/\/elinformante.mx\/wp-content\/uploads\/2023\/10\/marti-batres-2-1-1024x503.jpg\" alt=\"\" class=\"wp-image-38190\" srcset=\"https:\/\/elinformante.mx\/wp-content\/uploads\/2023\/10\/marti-batres-2-1-1024x503.jpg 1024w, https:\/\/elinformante.mx\/wp-content\/uploads\/2023\/10\/marti-batres-2-1-300x147.jpg 300w, https:\/\/elinformante.mx\/wp-content\/uploads\/2023\/10\/marti-batres-2-1-768x377.jpg 768w, https:\/\/elinformante.mx\/wp-content\/uploads\/2023\/10\/marti-batres-2-1-580x285.jpg 580w, https:\/\/elinformante.mx\/wp-content\/uploads\/2023\/10\/marti-batres-2-1-860x422.jpg 860w, https:\/\/elinformante.mx\/wp-content\/uploads\/2023\/10\/marti-batres-2-1.jpg 1140w\" sizes=\"(max-width: 1024px) 100vw, 1024px\" \/><\/figure>\n\n\n\n<p>Destac\u00f3 que adem\u00e1s de todo habr\u00e1 nuevos impulsos a los comedores comunitarios, as\u00ed como al Mejoramiento Barrial a fin de que la ciudadan\u00eda tenga beneficios materiales directos.<br><\/p>\n\n\n\n<p>El pol\u00edtico coment\u00f3 que en los \u00faltimos meses se han originado los operativos territoriales, una estrategia que se ha centrado en zonas como Iztapalapa, Tl\u00e1huac, Gustavo A. Madero, Venustiano Carranza, entre otros para mejorar la seguridad en la zona. Destac\u00f3 que habr\u00e1 nuevas acciones en puntos como Azcapotzalco.<br><\/p>\n\n\n\n<p>\u201cSacamos con la Fiscal\u00eda el programa de recompensas\u201d, dijo sobre el programa con el cual se busca a los cinco criminales m\u00e1s peligrosos en la Ciudad de M\u00e9xico. Destac\u00f3 que esto logr\u00f3 una detenci\u00f3n importante.<br><\/p>\n\n\n\n<p>Adem\u00e1s de esto, se reconstruy\u00f3 la din\u00e1mica del representante del jefe de Gobierno, un grupo de 71 mujeres que operan en todas las alcald\u00edas para dar seguimiento a las instancias de la capital. A\u00f1adi\u00f3 que se han realizado din\u00e1micas para que los ciudadanos puedan denunciar de primera manos los problemas que hay en las zonas donde viven.<br><\/p>\n\n\n\n<p>Batres destac\u00f3 que gracias al modelo de cuatro ejes para atender la inseguridad implementado por Claudia Sheinbaum y adem\u00e1s las mesas de seguridad a las que dio origen el presidente Andr\u00e9s Manuel L\u00f3pez Obrador ha dado como resultado un mayor cuidado a la ciudadan\u00eda.<\/p>\n","protected":false},"excerpt":{"rendered":"<p>El pol\u00edtico dio a conocer que se trabaja para dar continuidad al modelo implementado por Claudia Sheinbaum. El jefe de Gobierno, Mart\u00ed Batres, dijo que su gesti\u00f3n tiene la intenci\u00f3n de generar un acento social a favor de la ciudadan\u00eda. El pol\u00edtico destac\u00f3 que en los pr\u00f3ximos 100 d\u00edas de su administraci\u00f3n efectuar\u00e1 un programa [&hellip;]<\/p>\n","protected":false},"author":1,"featured_media":38189,"comment_status":"closed","ping_status":"closed","sticky":false,"template":"","format":"standard","meta":{"footnotes":""},"categories":[35],"tags":[],"class_list":["post-38188","post","type-post","status-publish","format-standard","has-post-thumbnail","hentry","category-cdmx"],"_links":{"self":[{"href":"https:\/\/elinformante.mx\/index.php?rest_route=\/wp\/v2\/posts\/38188","targetHints":{"allow":["GET"]}}],"collection":[{"href":"https:\/\/elinformante.mx\/index.php?rest_route=\/wp\/v2\/posts"}],"about":[{"href":"https:\/\/elinformante.mx\/index.php?rest_route=\/wp\/v2\/types\/post"}],"author":[{"embeddable":true,"href":"https:\/\/elinformante.mx\/index.php?rest_route=\/wp\/v2\/users\/1"}],"replies":[{"embeddable":true,"href":"https:\/\/elinformante.mx\/index.php?rest_route=%2Fwp%2Fv2%2Fcomments&post=38188"}],"version-history":[{"count":0,"href":"https:\/\/elinformante.mx\/index.php?rest_route=\/wp\/v2\/posts\/38188\/revisions"}],"wp:featuredmedia":[{"embeddable":true,"href":"https:\/\/elinformante.mx\/index.php?rest_route=\/wp\/v2\/media\/38189"}],"wp:attachment":[{"href":"https:\/\/elinformante.mx\/index.php?rest_route=%2Fwp%2Fv2%2Fmedia&parent=38188"}],"wp:term":[{"taxonomy":"category","embeddable":true,"href":"https:\/\/elinformante.mx\/index.php?rest_route=%2Fwp%2Fv2%2Fcategories&post=38188"},{"taxonomy":"post_tag","embeddable":true,"href":"https:\/\/elinformante.mx\/index.php?rest_route=%2Fwp%2Fv2%2Ftags&post=38188"}],"curies":[{"name":"wp","href":"https:\/\/api.w.org\/{rel}","templated":true}]}}