{"id":38199,"date":"2023-10-10T14:14:53","date_gmt":"2023-10-10T14:14:53","guid":{"rendered":"https:\/\/elinformante.mx\/?p=38199"},"modified":"2023-10-10T14:14:54","modified_gmt":"2023-10-10T14:14:54","slug":"mara-lezama-busca-mejorar-la-competencia-en-quintana-roo-para-atraer-mas-inversiones","status":"publish","type":"post","link":"https:\/\/elinformante.mx\/?p=38199","title":{"rendered":"Mara Lezama busca mejorar la competencia en Quintana Roo para atraer m\u00e1s inversiones"},"content":{"rendered":"\n<blockquote class=\"wp-block-quote is-layout-flow wp-block-quote-is-layout-flow\">\n<p>La gobernadora Mara Lezama firma un acuerdo con COFECE para promover la competencia y mejorar la calidad de vida en Quintana Roo.<\/p>\n<\/blockquote>\n\n\n\n<p>En la b\u00fasqueda de mejorar la competencia para atraer inversiones, negocios y se generen mejores alternativas de bienes y servicios, para que las familias quintanarroenses tengan de d\u00f3nde elegir, la gobernadora Mara Lezama Espinosa firm\u00f3 un convenio de coordinaci\u00f3n con la Comisi\u00f3n Federal de Competencia Econ\u00f3mica (COFECE).<br><\/p>\n\n\n\n<p>El convenio firmado entre la gobernadora Mara Lezama y la Comisionada Presidenta de la COFECE, Andrea Marv\u00e1n Saltiel, tiene por objeto establecer las bases y mecanismos de colaboraci\u00f3n, coordinaci\u00f3n y comunicaci\u00f3n entre ambas instancias a fin de coadyuvar en la promoci\u00f3n y sensibilizaci\u00f3n de una cultura de competencia econ\u00f3mica y libre concurrencia.<br><\/p>\n\n\n\n<p>Con esto se trabaja para prevenir y perseguir conductas que afecten a los consumidores y las MiPymes, al tiempo que se atiende la soluci\u00f3n de demandas sociales que tienen actos de monopolio, las que han abierto brechas de desigualdad.<br><\/p>\n\n\n\n<figure class=\"wp-block-image size-large\"><img fetchpriority=\"high\" decoding=\"async\" width=\"1024\" height=\"503\" src=\"https:\/\/elinformante.mx\/wp-content\/uploads\/2023\/10\/mara-lezama-1024x503.jpg\" alt=\"\" class=\"wp-image-38201\" srcset=\"https:\/\/elinformante.mx\/wp-content\/uploads\/2023\/10\/mara-lezama-1024x503.jpg 1024w, https:\/\/elinformante.mx\/wp-content\/uploads\/2023\/10\/mara-lezama-300x147.jpg 300w, https:\/\/elinformante.mx\/wp-content\/uploads\/2023\/10\/mara-lezama-768x377.jpg 768w, https:\/\/elinformante.mx\/wp-content\/uploads\/2023\/10\/mara-lezama-580x285.jpg 580w, https:\/\/elinformante.mx\/wp-content\/uploads\/2023\/10\/mara-lezama-860x422.jpg 860w, https:\/\/elinformante.mx\/wp-content\/uploads\/2023\/10\/mara-lezama.jpg 1140w\" sizes=\"(max-width: 1024px) 100vw, 1024px\" \/><\/figure>\n\n\n\n<p>Asimismo, con este trabajo conjunto y coordinado, se elevar\u00e1 la competitividad, productividad, innovaci\u00f3n y desarrollo de la entidad para mejorar la calidad de vida de su poblaci\u00f3n.<br><\/p>\n\n\n\n<p>En Quintana Roo, desde el primer d\u00eda de su gobierno Mara Lezama convoc\u00f3 a las y los quintanarroenses a impulsar un Nuevo Acuerdo por el Bienestar y Desarrollo que permita cerrar brechas de desigualdad, generar prosperidad compartida y bienestar con justicia social, al que se suma este convenio de coordinaci\u00f3n.<br><\/p>\n\n\n\n<p>En la firma del documento estuvo presente el Consejero Jur\u00eddico del Poder Ejecutivo, Carlos Felipe Fuentes del R\u00edo.<\/p>\n","protected":false},"excerpt":{"rendered":"<p>La gobernadora Mara Lezama firma un acuerdo con COFECE para promover la competencia y mejorar la calidad de vida en Quintana Roo. En la b\u00fasqueda de mejorar la competencia para atraer inversiones, negocios y se generen mejores alternativas de bienes y servicios, para que las familias quintanarroenses tengan de d\u00f3nde elegir, la gobernadora Mara Lezama [&hellip;]<\/p>\n","protected":false},"author":1,"featured_media":38200,"comment_status":"closed","ping_status":"closed","sticky":false,"template":"","format":"standard","meta":{"footnotes":""},"categories":[34],"tags":[],"class_list":["post-38199","post","type-post","status-publish","format-standard","has-post-thumbnail","hentry","category-nacional"],"_links":{"self":[{"href":"https:\/\/elinformante.mx\/index.php?rest_route=\/wp\/v2\/posts\/38199","targetHints":{"allow":["GET"]}}],"collection":[{"href":"https:\/\/elinformante.mx\/index.php?rest_route=\/wp\/v2\/posts"}],"about":[{"href":"https:\/\/elinformante.mx\/index.php?rest_route=\/wp\/v2\/types\/post"}],"author":[{"embeddable":true,"href":"https:\/\/elinformante.mx\/index.php?rest_route=\/wp\/v2\/users\/1"}],"replies":[{"embeddable":true,"href":"https:\/\/elinformante.mx\/index.php?rest_route=%2Fwp%2Fv2%2Fcomments&post=38199"}],"version-history":[{"count":0,"href":"https:\/\/elinformante.mx\/index.php?rest_route=\/wp\/v2\/posts\/38199\/revisions"}],"wp:featuredmedia":[{"embeddable":true,"href":"https:\/\/elinformante.mx\/index.php?rest_route=\/wp\/v2\/media\/38200"}],"wp:attachment":[{"href":"https:\/\/elinformante.mx\/index.php?rest_route=%2Fwp%2Fv2%2Fmedia&parent=38199"}],"wp:term":[{"taxonomy":"category","embeddable":true,"href":"https:\/\/elinformante.mx\/index.php?rest_route=%2Fwp%2Fv2%2Fcategories&post=38199"},{"taxonomy":"post_tag","embeddable":true,"href":"https:\/\/elinformante.mx\/index.php?rest_route=%2Fwp%2Fv2%2Ftags&post=38199"}],"curies":[{"name":"wp","href":"https:\/\/api.w.org\/{rel}","templated":true}]}}