{"id":38203,"date":"2023-10-10T14:16:41","date_gmt":"2023-10-10T14:16:41","guid":{"rendered":"https:\/\/elinformante.mx\/?p=38203"},"modified":"2023-10-10T14:16:42","modified_gmt":"2023-10-10T14:16:42","slug":"evelyn-salgado-atenta-para-enfrentar-el-impacto-de-max-en-costa-grande","status":"publish","type":"post","link":"https:\/\/elinformante.mx\/?p=38203","title":{"rendered":"Evelyn Salgado atenta para enfrentar el impacto de Max en Costa Grande"},"content":{"rendered":"\n<blockquote class=\"wp-block-quote is-layout-flow wp-block-quote-is-layout-flow\">\n<p>La gobernadora, as\u00ed como autoridades estatales y federales anunciaron coordinaci\u00f3n para atender las consecuencias de la tormenta tropical Max.<\/p>\n<\/blockquote>\n\n\n\n<p>Evelyn Salgado, gobernadora de Guerrero, anunci\u00f3 que la entidad se encuentra preparada ante el posible impacto de la tormenta tropical Max en la regi\u00f3n de la Costa Grande.<br><\/p>\n\n\n\n<p>Ante esta alerta se encuentran pendientes las fuerzas armadas y se han activado 631 refugios temporales:<\/p>\n\n\n\n<ul class=\"wp-block-list\">\n<li>79 en Costa Grande<\/li>\n\n\n\n<li>80 en Acapulco<\/li>\n\n\n\n<li>146 en la regi\u00f3n de Costa Chica<\/li>\n<\/ul>\n\n\n\n<p>Los detalles de la preparaci\u00f3n se determinaron en la sesi\u00f3n del Consejo Estatal de Protecci\u00f3n Civil de Guerrero. Para ello se dispuso mayor atenci\u00f3n en el n\u00famero de emergencias 911 para atender reportes mediante:<br><\/p>\n\n\n\n<figure class=\"wp-block-image size-large\"><img fetchpriority=\"high\" decoding=\"async\" width=\"1024\" height=\"503\" src=\"https:\/\/elinformante.mx\/wp-content\/uploads\/2023\/10\/evelyn-2-1024x503.jpg\" alt=\"\" class=\"wp-image-38205\" srcset=\"https:\/\/elinformante.mx\/wp-content\/uploads\/2023\/10\/evelyn-2-1024x503.jpg 1024w, https:\/\/elinformante.mx\/wp-content\/uploads\/2023\/10\/evelyn-2-300x147.jpg 300w, https:\/\/elinformante.mx\/wp-content\/uploads\/2023\/10\/evelyn-2-768x377.jpg 768w, https:\/\/elinformante.mx\/wp-content\/uploads\/2023\/10\/evelyn-2-580x285.jpg 580w, https:\/\/elinformante.mx\/wp-content\/uploads\/2023\/10\/evelyn-2-860x422.jpg 860w, https:\/\/elinformante.mx\/wp-content\/uploads\/2023\/10\/evelyn-2.jpg 1140w\" sizes=\"(max-width: 1024px) 100vw, 1024px\" \/><\/figure>\n\n\n\n<p>Protecci\u00f3n Civil, Plan DN-lllEm, Plan Marina, Plan Guardia Nacional<br><\/p>\n\n\n\n<p>Roberto Arroyo Matus, secretario de Gesti\u00f3n Integral de Riesgos y Protecci\u00f3n Civil y las autoridades en general hicieron un llamado a la poblaci\u00f3n para tomar las precauciones necesarias para el cuidado de las familias, tener una mochila de emergencia, un botiqu\u00edn, l\u00e1mparas, agua embotellada, radio con bater\u00edas, medicamentos, etc\u00e9tera.<br><\/p>\n\n\n\n<p>Este lunes 9 de octubre se suspendieron las clases en los municipios de Guerrero:<\/p>\n\n\n\n<ul class=\"wp-block-list\">\n<li>Zihuatanejo, Tecpan, Petatl\u00e1n.<\/li>\n\n\n\n<li>Evelio M\u00e9ndez G\u00f3mez, secretario de Seguridad de Guerrero, dijo que personal de seguridad est\u00e1 desplegada en las regiones de:<\/li>\n\n\n\n<li>Costa chica, Costa Grande y Acapulco<\/li>\n<\/ul>\n\n\n\n<p>Juan Manuel Arce Ortega, representante de la Coordinaci\u00f3n Nacional de Protecci\u00f3n Civil, dijo que el gobierno de M\u00e9xico apoya en cuanto a cualquier recurso que necesite el estado.<\/p>\n","protected":false},"excerpt":{"rendered":"<p>La gobernadora, as\u00ed como autoridades estatales y federales anunciaron coordinaci\u00f3n para atender las consecuencias de la tormenta tropical Max. Evelyn Salgado, gobernadora de Guerrero, anunci\u00f3 que la entidad se encuentra preparada ante el posible impacto de la tormenta tropical Max en la regi\u00f3n de la Costa Grande. Ante esta alerta se encuentran pendientes las fuerzas [&hellip;]<\/p>\n","protected":false},"author":1,"featured_media":38204,"comment_status":"closed","ping_status":"closed","sticky":false,"template":"","format":"standard","meta":{"footnotes":""},"categories":[34],"tags":[],"class_list":["post-38203","post","type-post","status-publish","format-standard","has-post-thumbnail","hentry","category-nacional"],"_links":{"self":[{"href":"https:\/\/elinformante.mx\/index.php?rest_route=\/wp\/v2\/posts\/38203","targetHints":{"allow":["GET"]}}],"collection":[{"href":"https:\/\/elinformante.mx\/index.php?rest_route=\/wp\/v2\/posts"}],"about":[{"href":"https:\/\/elinformante.mx\/index.php?rest_route=\/wp\/v2\/types\/post"}],"author":[{"embeddable":true,"href":"https:\/\/elinformante.mx\/index.php?rest_route=\/wp\/v2\/users\/1"}],"replies":[{"embeddable":true,"href":"https:\/\/elinformante.mx\/index.php?rest_route=%2Fwp%2Fv2%2Fcomments&post=38203"}],"version-history":[{"count":0,"href":"https:\/\/elinformante.mx\/index.php?rest_route=\/wp\/v2\/posts\/38203\/revisions"}],"wp:featuredmedia":[{"embeddable":true,"href":"https:\/\/elinformante.mx\/index.php?rest_route=\/wp\/v2\/media\/38204"}],"wp:attachment":[{"href":"https:\/\/elinformante.mx\/index.php?rest_route=%2Fwp%2Fv2%2Fmedia&parent=38203"}],"wp:term":[{"taxonomy":"category","embeddable":true,"href":"https:\/\/elinformante.mx\/index.php?rest_route=%2Fwp%2Fv2%2Fcategories&post=38203"},{"taxonomy":"post_tag","embeddable":true,"href":"https:\/\/elinformante.mx\/index.php?rest_route=%2Fwp%2Fv2%2Ftags&post=38203"}],"curies":[{"name":"wp","href":"https:\/\/api.w.org\/{rel}","templated":true}]}}