{"id":38214,"date":"2023-10-10T14:23:15","date_gmt":"2023-10-10T14:23:15","guid":{"rendered":"https:\/\/elinformante.mx\/?p=38214"},"modified":"2023-10-10T14:23:16","modified_gmt":"2023-10-10T14:23:16","slug":"se-mantiene-el-proceso-de-credencializacion-en-el-ine","status":"publish","type":"post","link":"https:\/\/elinformante.mx\/?p=38214","title":{"rendered":"Se mantiene el proceso de credencializaci\u00f3n en el INE"},"content":{"rendered":"\n<blockquote class=\"wp-block-quote is-layout-flow wp-block-quote-is-layout-flow\">\n<p>De acuerdo con El vocal Ejecutivo del organismo en la entidad, Joaqu\u00edn Rubio S\u00e1nchez, se prev\u00e9 que se sumen m\u00e1s de 230 mil nuevos votantes.<\/p>\n<\/blockquote>\n\n\n\n<p>A poco menos de un a\u00f1o de la elecci\u00f3n de 2024, la Junta Local del Instituto Nacional Electoral (INE) en el Estado de M\u00e9xico, mantiene la campa\u00f1a de credencializaci\u00f3n para la actualizaci\u00f3n del Padr\u00f3n Electoral y la Lista Nominal, a la que se espera se sumen 230 mil j\u00f3venes adicionales.<br><\/p>\n\n\n\n<p>Al respecto, el vocal Ejecutivo, Joaqu\u00edn Rubio S\u00e1nchez, expres\u00f3 que ya tienen una campa\u00f1a intensa para la siguiente elecci\u00f3n que tendr\u00e1 fecha el 2 de junio pr\u00f3ximo y para ello desde el 1 de septiembre y hasta el 22 de enero, para inscribirse al Padr\u00f3n o hacer cambio de domicilio.<br><\/p>\n\n\n\n<p>\u201cEsperamos un estimado igual que el a\u00f1o pasado en la elecci\u00f3n de gobernador, esperamos alrededor de 230 mil nuevos j\u00f3venes que se incorporen a la Lista y el Padr\u00f3n Electoral en el Estado de M\u00e9xico\u201d, coment\u00f3.<br><\/p>\n\n\n\n<p>Record\u00f3 que en la elecci\u00f3n pasada fueron alrededor de 231 mil m\u00e1s o menos los que se incorporaron al padr\u00f3n, por lo que para esta ocasi\u00f3n esperan lo mismo de acuerdo al ritmo de crecimiento que tiene la entidad mexiquense.<br><\/p>\n\n\n\n<figure class=\"wp-block-image size-large\"><img fetchpriority=\"high\" decoding=\"async\" width=\"1024\" height=\"503\" src=\"https:\/\/elinformante.mx\/wp-content\/uploads\/2023\/10\/se-mantiene-2-1024x503.jpg\" alt=\"\" class=\"wp-image-38216\" srcset=\"https:\/\/elinformante.mx\/wp-content\/uploads\/2023\/10\/se-mantiene-2-1024x503.jpg 1024w, https:\/\/elinformante.mx\/wp-content\/uploads\/2023\/10\/se-mantiene-2-300x147.jpg 300w, https:\/\/elinformante.mx\/wp-content\/uploads\/2023\/10\/se-mantiene-2-768x377.jpg 768w, https:\/\/elinformante.mx\/wp-content\/uploads\/2023\/10\/se-mantiene-2-580x285.jpg 580w, https:\/\/elinformante.mx\/wp-content\/uploads\/2023\/10\/se-mantiene-2-860x422.jpg 860w, https:\/\/elinformante.mx\/wp-content\/uploads\/2023\/10\/se-mantiene-2.jpg 1140w\" sizes=\"(max-width: 1024px) 100vw, 1024px\" \/><\/figure>\n\n\n\n<p>En ese sentido mencion\u00f3 que cuentan con 76 m\u00f3dulos de los cuales 32 tienen doble turno para la atenci\u00f3n de ciudadanos en todo el estado, con capacidad para atender al d\u00eda entre 16 mil y 18 mil personas.<br><\/p>\n\n\n\n<p>Para el caso de los j\u00f3venes que cumplen 18 a\u00f1os, mencion\u00f3 que quienes cumplen a\u00f1os desde el 1 de septiembre hasta el d\u00eda 2 de junio de 2024, pueden acudir a inscribirse y tramitar su credencial con fotograf\u00eda.<br><\/p>\n\n\n\n<p>Rubio S\u00e1nchez detall\u00f3 que hasta hoy el padr\u00f3n es de 12 millones 700 mil personas, mientras que al cierre para la elecci\u00f3n a gobernador del 4 de junio, era de 12 millones 400 mil personas, es decir, unas 300 mil personas que se inscribieron o cambiaron domicilio de otros estados.<br><\/p>\n\n\n\n<p>\u201cNo hay bajas en esta ocasi\u00f3n, en 2023, obviamente hay que esperar que se haga oficial, en el Consejo General para que la credencial del 2023 siga siendo vigente hasta el 2 de junio inclusive, entonces no se llevar\u00e1 a cabo ninguna baja de personas que se les venza su credencial en el 2023\u201d, dijo.<br><\/p>\n\n\n\n<p>A\u00f1adi\u00f3 que las que se vencieron en 2021 y 2022 se dieron de baja desde el 5 de junio pasado que fueron alrededor de 300 mil credenciales y solo tienen en los m\u00f3dulos de atenci\u00f3n las que se han tramitado en 2022 y lo que va de 2023.<\/p>\n","protected":false},"excerpt":{"rendered":"<p>De acuerdo con El vocal Ejecutivo del organismo en la entidad, Joaqu\u00edn Rubio S\u00e1nchez, se prev\u00e9 que se sumen m\u00e1s de 230 mil nuevos votantes. A poco menos de un a\u00f1o de la elecci\u00f3n de 2024, la Junta Local del Instituto Nacional Electoral (INE) en el Estado de M\u00e9xico, mantiene la campa\u00f1a de credencializaci\u00f3n para [&hellip;]<\/p>\n","protected":false},"author":1,"featured_media":38215,"comment_status":"closed","ping_status":"closed","sticky":false,"template":"","format":"standard","meta":{"footnotes":""},"categories":[36],"tags":[],"class_list":["post-38214","post","type-post","status-publish","format-standard","has-post-thumbnail","hentry","category-edomex"],"_links":{"self":[{"href":"https:\/\/elinformante.mx\/index.php?rest_route=\/wp\/v2\/posts\/38214","targetHints":{"allow":["GET"]}}],"collection":[{"href":"https:\/\/elinformante.mx\/index.php?rest_route=\/wp\/v2\/posts"}],"about":[{"href":"https:\/\/elinformante.mx\/index.php?rest_route=\/wp\/v2\/types\/post"}],"author":[{"embeddable":true,"href":"https:\/\/elinformante.mx\/index.php?rest_route=\/wp\/v2\/users\/1"}],"replies":[{"embeddable":true,"href":"https:\/\/elinformante.mx\/index.php?rest_route=%2Fwp%2Fv2%2Fcomments&post=38214"}],"version-history":[{"count":0,"href":"https:\/\/elinformante.mx\/index.php?rest_route=\/wp\/v2\/posts\/38214\/revisions"}],"wp:featuredmedia":[{"embeddable":true,"href":"https:\/\/elinformante.mx\/index.php?rest_route=\/wp\/v2\/media\/38215"}],"wp:attachment":[{"href":"https:\/\/elinformante.mx\/index.php?rest_route=%2Fwp%2Fv2%2Fmedia&parent=38214"}],"wp:term":[{"taxonomy":"category","embeddable":true,"href":"https:\/\/elinformante.mx\/index.php?rest_route=%2Fwp%2Fv2%2Fcategories&post=38214"},{"taxonomy":"post_tag","embeddable":true,"href":"https:\/\/elinformante.mx\/index.php?rest_route=%2Fwp%2Fv2%2Ftags&post=38214"}],"curies":[{"name":"wp","href":"https:\/\/api.w.org\/{rel}","templated":true}]}}