{"id":38218,"date":"2023-10-10T14:24:07","date_gmt":"2023-10-10T14:24:07","guid":{"rendered":"https:\/\/elinformante.mx\/?p=38218"},"modified":"2023-10-10T14:24:08","modified_gmt":"2023-10-10T14:24:08","slug":"participan-medicos-adscritos-al-issemym-en-cuarta-cumbre-internacional-de-cirujanos-toracicos","status":"publish","type":"post","link":"https:\/\/elinformante.mx\/?p=38218","title":{"rendered":"Participan m\u00e9dicos adscritos al ISSEMYM en Cuarta Cumbre Internacional de Cirujanos Tor\u00e1cicos"},"content":{"rendered":"\n<blockquote class=\"wp-block-quote is-layout-flow wp-block-quote-is-layout-flow\">\n<p>En el evento tambi\u00e9n participan profesionales de la salud de China, Estados Unidos, Reino Unido, Israel, Alemania, Espa\u00f1a, Arabia Saudita, Portugal y Costa Rica.<\/p>\n<\/blockquote>\n\n\n\n<p>El profesionalismo y destreza de los cirujanos adscritos al Instituto de Seguridad Social del Estado de M\u00e9xico y Municipios (ISSEMyM), es reconocida por especialistas nacionales e internacionales, quienes por cuarta ocasi\u00f3n se reunieron en el Centro M\u00e9dico ISSEMyM, en Toluca, durante la Cumbre Internacional de Cirujanos Tor\u00e1cicos 2023 \u201cUnidad para todos\u201d.<br><\/p>\n\n\n\n<p>Realizado durante tres d\u00edas consecutivos, en el evento participan profesionales de la salud de distintas partes del mundo, quienes han impartido conferencias magistrales enfocadas en el uso de nuevas tecnolog\u00edas para abordar diversas enfermedades, particularmente, para realizar, a mediano plazo, trasplantes de pulm\u00f3n en territorio mexiquense.<br><\/p>\n\n\n\n<p>\u201cEs como tener una selecci\u00f3n mundial. Hoy en el ISSEMyM est\u00e1n las mejores m\u00e9dicas y m\u00e9dicos del orbe, unas leyendas para la cirug\u00eda\u201d, se\u00f1al\u00f3 Jorge Guerrero Aguirre, Coordinador de Servicios de Salud del Instituto, durante la inauguraci\u00f3n.<br><\/p>\n\n\n\n<p>Por su parte, Miguel Alejandro Mart\u00ednez Arias, Jefe del Servicio de Neumolog\u00eda y Cirug\u00eda de T\u00f3rax en el ISSEMyM, resalt\u00f3 que esta Cumbre re\u00fane a lo mejor de la cirug\u00eda tor\u00e1cica.<br><\/p>\n\n\n\n<p>\u201cEn esta cuarta edici\u00f3n tenemos presencia de expertos de diversas partes del mundo, entre ellos China, Estados Unidos, Reino Unido, Israel, Alemania, Espa\u00f1a, Arabia Saudita, Portugal y Costa Rica\u201d, enfatiz\u00f3<br><\/p>\n\n\n\n<p>Agreg\u00f3 que, como parte de esta Cumbre Internacional, se realiz\u00f3 un procedimiento quir\u00fargico de pulm\u00f3n ante m\u00e1s de 51 mil espectadores, quienes siguieron la transmisi\u00f3n para conocer paso a paso las habilidades y destrezas quir\u00fargicas realizadas por especialistas mexicanos y extranjeros.<br><\/p>\n\n\n\n<p>Con estos trabajos de preparaci\u00f3n, el ISSEMyM mantiene y refuerza el acceso a este tipo de capacitaciones para el personal m\u00e9dico, gracias al Centro de Entrenamiento en Destrezas Quir\u00fargicas con el que cuenta el Instituto.<br><\/p>\n\n\n\n<p>Durante la inauguraci\u00f3n, adem\u00e1s de Antonio Jaymes N\u00fa\u00f1ez, Director del Centro M\u00e9dico ISSEMyM Toluca, estuvieron Ulises Loyola Garc\u00eda, Coordinador del evento y representante del Consejo Nacional de Cirug\u00eda de T\u00f3rax; y Guillermo Victal V\u00e1zquez, Director de Educaci\u00f3n e Investigaci\u00f3n en Salud.<br><\/p>\n\n\n\n<p>Adem\u00e1s, Vicente Cardona Infante, Jefe del Servicio de Trasplantes del Centro M\u00e9dico ISSEMyM Toluca; Hugo Mendieta Zer\u00f3n, Director de la Facultad de Medicina de la Universidad Aut\u00f3noma del Estado de M\u00e9xico; as\u00ed como personal y representantes de los sectores salud y farmacol\u00f3gico p\u00fablicos y privados.<\/p>\n","protected":false},"excerpt":{"rendered":"<p>En el evento tambi\u00e9n participan profesionales de la salud de China, Estados Unidos, Reino Unido, Israel, Alemania, Espa\u00f1a, Arabia Saudita, Portugal y Costa Rica. El profesionalismo y destreza de los cirujanos adscritos al Instituto de Seguridad Social del Estado de M\u00e9xico y Municipios (ISSEMyM), es reconocida por especialistas nacionales e internacionales, quienes por cuarta ocasi\u00f3n [&hellip;]<\/p>\n","protected":false},"author":1,"featured_media":38219,"comment_status":"closed","ping_status":"closed","sticky":false,"template":"","format":"standard","meta":{"footnotes":""},"categories":[36],"tags":[],"class_list":["post-38218","post","type-post","status-publish","format-standard","has-post-thumbnail","hentry","category-edomex"],"_links":{"self":[{"href":"https:\/\/elinformante.mx\/index.php?rest_route=\/wp\/v2\/posts\/38218","targetHints":{"allow":["GET"]}}],"collection":[{"href":"https:\/\/elinformante.mx\/index.php?rest_route=\/wp\/v2\/posts"}],"about":[{"href":"https:\/\/elinformante.mx\/index.php?rest_route=\/wp\/v2\/types\/post"}],"author":[{"embeddable":true,"href":"https:\/\/elinformante.mx\/index.php?rest_route=\/wp\/v2\/users\/1"}],"replies":[{"embeddable":true,"href":"https:\/\/elinformante.mx\/index.php?rest_route=%2Fwp%2Fv2%2Fcomments&post=38218"}],"version-history":[{"count":0,"href":"https:\/\/elinformante.mx\/index.php?rest_route=\/wp\/v2\/posts\/38218\/revisions"}],"wp:featuredmedia":[{"embeddable":true,"href":"https:\/\/elinformante.mx\/index.php?rest_route=\/wp\/v2\/media\/38219"}],"wp:attachment":[{"href":"https:\/\/elinformante.mx\/index.php?rest_route=%2Fwp%2Fv2%2Fmedia&parent=38218"}],"wp:term":[{"taxonomy":"category","embeddable":true,"href":"https:\/\/elinformante.mx\/index.php?rest_route=%2Fwp%2Fv2%2Fcategories&post=38218"},{"taxonomy":"post_tag","embeddable":true,"href":"https:\/\/elinformante.mx\/index.php?rest_route=%2Fwp%2Fv2%2Ftags&post=38218"}],"curies":[{"name":"wp","href":"https:\/\/api.w.org\/{rel}","templated":true}]}}