{"id":38221,"date":"2023-10-10T14:26:19","date_gmt":"2023-10-10T14:26:19","guid":{"rendered":"https:\/\/elinformante.mx\/?p=38221"},"modified":"2023-10-10T14:26:19","modified_gmt":"2023-10-10T14:26:19","slug":"lanza-banco-de-alimentos-colecta-para-familias-en-extrema-pobreza","status":"publish","type":"post","link":"https:\/\/elinformante.mx\/?p=38221","title":{"rendered":"Lanza Banco de Alimentos colecta para familias en extrema pobreza"},"content":{"rendered":"\n<blockquote class=\"wp-block-quote is-layout-flow wp-block-quote-is-layout-flow\">\n<p>La recaudaci\u00f3n de productos como frijoles, arroz, cereal, at\u00fan entre otros tambi\u00e9n se pondr\u00e1 en marcha en las escuelas del nivel b\u00e1sico particulares y p\u00fablicas donde se pretende recaudar 150 toneladas.<\/p>\n<\/blockquote>\n\n\n\n<p>Actualmente en 52 municipios del Estado de M\u00e9xico, 130 mil personas se encuentran en pobreza extrema lo que les genera no tener una alimentaci\u00f3n digna, por ello y en el marco del D\u00eda Mundial de la Alimentaci\u00f3n, el Banco de Alimentos en la entidad dar\u00e1 inicio a una colecta de alimentos no perecederos adem\u00e1s de eventos musicales para recaudar fondos y comprar comida.<br><\/p>\n\n\n\n<p>La recaudaci\u00f3n de productos como frijoles, arroz, cereal, at\u00fan entre otros tambi\u00e9n se pondr\u00e1 en marcha en las escuelas del nivel b\u00e1sico particulares y p\u00fablicas donde se pretende recaudar 150 toneladas.<br><\/p>\n\n\n\n<p>A todo esto se suma la iniciativa de venta de 12 mil \u201ccucharas para la banda\u201d en los restaurantes locales, y con ello tambi\u00e9n contribuir a la compra de productos de la canasta b\u00e1sica.<br><\/p>\n\n\n\n<p>Las actividades son organizadas por el Banco de Alimentos C\u00e1ritas del Estado de M\u00e9xico, afirm\u00f3 su titular Alberto Canul, quien lament\u00f3 que en la entidad 6 millones 900 mil mexiquenses viven con carencia alimentaria.<br><\/p>\n\n\n\n<p>Como cada a\u00f1o, habr\u00e1 centros de acopio de alimentos en escuelas privadas y p\u00fablicas del sistema educativo estatal, donde se le pedir\u00e1 a los alumnos que aporten alimentos no perecederos para d\u00e1rselo a la personas con carencia alimentaria, esperan superar las 150 toneladas recaudadas el a\u00f1o pasado.<br><\/p>\n\n\n\n<p>El viernes 13 de octubre se llevar\u00e1 a cabo una cata de vino en la Plaza Acr\u00f3polis a las 7 de la noche, la cuota de recuperaci\u00f3n ser\u00e1 de 400 pesos. El segundo es el jueves 19 a las 8 de la noche en el restaurante Bistr\u00f3 Mecha, donde tocar\u00e1 la banda Los Chipotles, el acceso cuesta 200 pesos.<br><\/p>\n\n\n\n<p>El tercer evento ser\u00e1 el s\u00e1bado 21 de octubre a las 12 de la tarde, ser\u00e1 un concierto de la Orquesta la Juvenil de la Universidad Aut\u00f3noma del Estado de M\u00e9xico, quienes tocar\u00e1n con m\u00fasica de pel\u00edculas en la Casa de las Diligencias.<br><\/p>\n\n\n\n<p>Para el \u00faltimo trimestre del a\u00f1o, lanzaron la venta de una cuchara por 20 pesos, con lo que van a dar una comida a una persona, para esta edici\u00f3n cuentan con 12 mil ejemplares que se ofrecer\u00e1n en restaurantes mexiquenses.<br><\/p>\n\n\n\n<p>Este a\u00f1o instalaron un nuevo centro de acopio en Tejupilco y a la fecha atienden a cerca de 3 mil familias, igual a casi 12 mil personas \u201csin publicidad, se enteran de boca en boca, pero ahorita no tenemos el suficiente alimento para poderlo hacer\u201d.<br><\/p>\n\n\n\n<p>En espera hay aproximadamente 7 mil familias, multiplicadas por cuatro, es el promedio de solicitudes.<\/p>\n","protected":false},"excerpt":{"rendered":"<p>La recaudaci\u00f3n de productos como frijoles, arroz, cereal, at\u00fan entre otros tambi\u00e9n se pondr\u00e1 en marcha en las escuelas del nivel b\u00e1sico particulares y p\u00fablicas donde se pretende recaudar 150 toneladas. Actualmente en 52 municipios del Estado de M\u00e9xico, 130 mil personas se encuentran en pobreza extrema lo que les genera no tener una alimentaci\u00f3n [&hellip;]<\/p>\n","protected":false},"author":1,"featured_media":38222,"comment_status":"closed","ping_status":"closed","sticky":false,"template":"","format":"standard","meta":{"footnotes":""},"categories":[36],"tags":[],"class_list":["post-38221","post","type-post","status-publish","format-standard","has-post-thumbnail","hentry","category-edomex"],"_links":{"self":[{"href":"https:\/\/elinformante.mx\/index.php?rest_route=\/wp\/v2\/posts\/38221","targetHints":{"allow":["GET"]}}],"collection":[{"href":"https:\/\/elinformante.mx\/index.php?rest_route=\/wp\/v2\/posts"}],"about":[{"href":"https:\/\/elinformante.mx\/index.php?rest_route=\/wp\/v2\/types\/post"}],"author":[{"embeddable":true,"href":"https:\/\/elinformante.mx\/index.php?rest_route=\/wp\/v2\/users\/1"}],"replies":[{"embeddable":true,"href":"https:\/\/elinformante.mx\/index.php?rest_route=%2Fwp%2Fv2%2Fcomments&post=38221"}],"version-history":[{"count":0,"href":"https:\/\/elinformante.mx\/index.php?rest_route=\/wp\/v2\/posts\/38221\/revisions"}],"wp:featuredmedia":[{"embeddable":true,"href":"https:\/\/elinformante.mx\/index.php?rest_route=\/wp\/v2\/media\/38222"}],"wp:attachment":[{"href":"https:\/\/elinformante.mx\/index.php?rest_route=%2Fwp%2Fv2%2Fmedia&parent=38221"}],"wp:term":[{"taxonomy":"category","embeddable":true,"href":"https:\/\/elinformante.mx\/index.php?rest_route=%2Fwp%2Fv2%2Fcategories&post=38221"},{"taxonomy":"post_tag","embeddable":true,"href":"https:\/\/elinformante.mx\/index.php?rest_route=%2Fwp%2Fv2%2Ftags&post=38221"}],"curies":[{"name":"wp","href":"https:\/\/api.w.org\/{rel}","templated":true}]}}