{"id":38224,"date":"2023-10-10T14:27:02","date_gmt":"2023-10-10T14:27:02","guid":{"rendered":"https:\/\/elinformante.mx\/?p=38224"},"modified":"2023-10-10T14:27:03","modified_gmt":"2023-10-10T14:27:03","slug":"tendra-edomex-ley-de-cultura-y-justicia-civica","status":"publish","type":"post","link":"https:\/\/elinformante.mx\/?p=38224","title":{"rendered":"Tendr\u00e1 Edom\u00e9x Ley de Cultura y Justicia C\u00edvica"},"content":{"rendered":"\n<blockquote class=\"wp-block-quote is-layout-flow wp-block-quote-is-layout-flow\">\n<p>Comisiones legislativas aprobaron las iniciativas que presentaron por separado las diputadas Karla Aguilar y Azucena Cisneros; el nuevo ordenamiento promover\u00e1 el acceso a la justicia c\u00edvica en los municipios mexiquenses.<\/p>\n<\/blockquote>\n\n\n\n<p>Comisiones Unidas del Congreso local aprobaron por unanimidad la Ley Justicia C\u00edvica del Estado de M\u00e9xico y Municipios conforme a las iniciativas presentadas por separado por las legisladoras Karla Aguilar Talavera (PRI) y Azucena Cisneros Coss (Morena), despu\u00e9s de recibir los comentarios y propuestas del Poder Judicial, a trav\u00e9s de Ricardo Sodi Cuellar, presidente del Tribunal Superior de Justicia.<br><\/p>\n\n\n\n<p>Conforme al dictamen expuesto en reuni\u00f3n de las comisiones de Gobernaci\u00f3n y Puntos Constitucionales y Procuraci\u00f3n y Administraci\u00f3n de Justicia por el legislador Gerardo Ulloa P\u00e9rez (Morena), el nuevo ordenamiento ley tiene por objeto promover el acceso a la justicia c\u00edvica y regular su funcionamiento en los municipios mexiquenses, establecer normas m\u00ednimas de comportamiento c\u00edvico que permitan garantizar el respeto a las personas y sus bienes, adem\u00e1s de mejorar la convivencia social y mantener el orden p\u00fablico.<br><\/p>\n\n\n\n<p>Establece la clasificaci\u00f3n b\u00e1sica de las conductas que constituyan infracciones administrativas, las sanciones, los procedimientos para su imposici\u00f3n y para regular la actuaci\u00f3n de las y los servidores p\u00fablicos responsables, adem\u00e1s de instituir en los municipios los medios alternativos de soluci\u00f3n de controversias c\u00edvicas.<br><\/p>\n\n\n\n<p>En su momento, la diputada Karla Aguilar expuso que el nuevo ordenamiento contribuir\u00e1 con la restauraci\u00f3n del tejido social, cerrar el paso a la impunidad y consolidar la cultura de la legalidad y la paz entre las y los mexiquenses. Resalt\u00f3 las aportaciones del Poder Judicial sobre mediaci\u00f3n y conciliaci\u00f3n, constitucionalidad de las infracciones, lineamientos generales para el debido proceso, justicia para adolescentes y la posible consulta a comunidades originarias y personas con alguna discapacidad.<br><\/p>\n\n\n\n<p>Indic\u00f3 que la justicia c\u00edvica es una pol\u00edtica nacional implementada con \u00e9xito en algunas entidades en el marco del Modelo Homologado de Justicia C\u00edvica, y que tras un a\u00f1o de trabajo se logr\u00f3 dise\u00f1ar un modelo innovador que establece las reglas b\u00e1sicas para mejorar el d\u00eda a d\u00eda en la comunidad cuya mayor demanda es la paz, y que permitir\u00e1 a los municipios contribuir gracias a un enfoque que privilegia la agilidad procesal por encima de los formalismos burocr\u00e1ticos; la reparaci\u00f3n del da\u00f1o por encima de la sanci\u00f3n econ\u00f3mica y, sobre todo, la mediaci\u00f3n y conciliaci\u00f3n en lugar de la confrontaci\u00f3n est\u00e9ril.<br><\/p>\n\n\n\n<p>A su vez, el diputado Braulio \u00c1lvarez Jasso (PRI) consider\u00f3 que las municipalidades deben atender estas conductas en primera instancia, porque se evita que escalen a otras dimensiones y otros \u00e1mbitos. Se\u00f1al\u00f3 que el modelo da resultados en las entidades donde ya se aplica. Destac\u00f3 que tambi\u00e9n se recibieron propuestas de las secretar\u00edas de Justicia y Derechos Humanos y de Seguridad, y que en el caso de los municipios ya operan las oficinas conciliadoras que deber\u00e1n convertirse en juzgados c\u00edvicos.<br><\/p>\n\n\n\n<p>La diputada Mar\u00eda Isabel S\u00e1nchez Holgu\u00edn (PRI), quien record\u00f3 que en M\u00e9xico 62 por ciento de las personas mayores de 18 a\u00f1os consideraban inseguro vivir en su ciudad, destac\u00f3 que esta ley sentar\u00e1 las bases para acceder de manera efectiva a mecanismos de soluci\u00f3n a conflictos cotidianos.<br><\/p>\n\n\n\n<p>El legislador Gerardo Ulloa P\u00e9rez (Morena) agradeci\u00f3 las aportaciones del Poder Judicial para enriquecer el decreto final, en tanto que la legisladora Karina Labastida Sotelo pregunt\u00f3 si se consult\u00f3 con la Consejer\u00eda Jur\u00eddica del gobierno estatal y si los municipios cuentan con recursos para su aplicaci\u00f3n.<br><\/p>\n\n\n\n<p>En su oportunidad, el magistrado Ricardo Sodi rese\u00f1\u00f3 sus aportaciones y destac\u00f3 la oportunidad de este nuevo ordenamiento toda vez que el Poder Judicial prepara tambi\u00e9n una reforma integral del C\u00f3digo Penal para adelgazarlo retirando varias conductas que hoy se consideran delitos, pero pueden quedar en el \u00e1mbito de las faltas administrativas.<br><\/p>\n\n\n\n<p>Esta ley, abund\u00f3, contribuir\u00e1 a la restauraci\u00f3n del tejido social y a la construcci\u00f3n de pol\u00edticas integrales en materia de seguridad. Refrend\u00f3 la disposici\u00f3n del Poder Judicial de colaborar con el Congreso mexiquense en todas las acciones que signifiquen un bien a la sociedad y el estado, como en este caso en que, si bien el \u00e1mbito de actuaci\u00f3n de la Ley de Justicia C\u00edvica es esencialmente municipal, emitieron observaciones, aportaciones y sugerencias.<\/p>\n","protected":false},"excerpt":{"rendered":"<p>Comisiones legislativas aprobaron las iniciativas que presentaron por separado las diputadas Karla Aguilar y Azucena Cisneros; el nuevo ordenamiento promover\u00e1 el acceso a la justicia c\u00edvica en los municipios mexiquenses. Comisiones Unidas del Congreso local aprobaron por unanimidad la Ley Justicia C\u00edvica del Estado de M\u00e9xico y Municipios conforme a las iniciativas presentadas por separado [&hellip;]<\/p>\n","protected":false},"author":1,"featured_media":38225,"comment_status":"closed","ping_status":"closed","sticky":false,"template":"","format":"standard","meta":{"footnotes":""},"categories":[36],"tags":[],"class_list":["post-38224","post","type-post","status-publish","format-standard","has-post-thumbnail","hentry","category-edomex"],"_links":{"self":[{"href":"https:\/\/elinformante.mx\/index.php?rest_route=\/wp\/v2\/posts\/38224","targetHints":{"allow":["GET"]}}],"collection":[{"href":"https:\/\/elinformante.mx\/index.php?rest_route=\/wp\/v2\/posts"}],"about":[{"href":"https:\/\/elinformante.mx\/index.php?rest_route=\/wp\/v2\/types\/post"}],"author":[{"embeddable":true,"href":"https:\/\/elinformante.mx\/index.php?rest_route=\/wp\/v2\/users\/1"}],"replies":[{"embeddable":true,"href":"https:\/\/elinformante.mx\/index.php?rest_route=%2Fwp%2Fv2%2Fcomments&post=38224"}],"version-history":[{"count":0,"href":"https:\/\/elinformante.mx\/index.php?rest_route=\/wp\/v2\/posts\/38224\/revisions"}],"wp:featuredmedia":[{"embeddable":true,"href":"https:\/\/elinformante.mx\/index.php?rest_route=\/wp\/v2\/media\/38225"}],"wp:attachment":[{"href":"https:\/\/elinformante.mx\/index.php?rest_route=%2Fwp%2Fv2%2Fmedia&parent=38224"}],"wp:term":[{"taxonomy":"category","embeddable":true,"href":"https:\/\/elinformante.mx\/index.php?rest_route=%2Fwp%2Fv2%2Fcategories&post=38224"},{"taxonomy":"post_tag","embeddable":true,"href":"https:\/\/elinformante.mx\/index.php?rest_route=%2Fwp%2Fv2%2Ftags&post=38224"}],"curies":[{"name":"wp","href":"https:\/\/api.w.org\/{rel}","templated":true}]}}