{"id":38227,"date":"2023-10-10T14:41:26","date_gmt":"2023-10-10T14:41:26","guid":{"rendered":"https:\/\/elinformante.mx\/?p=38227"},"modified":"2023-10-10T14:41:27","modified_gmt":"2023-10-10T14:41:27","slug":"zanjan-diferencias-entre-tecamac-y-tonanitla","status":"publish","type":"post","link":"https:\/\/elinformante.mx\/?p=38227","title":{"rendered":"Zanjan diferencias entre Tec\u00e1mac y Tonanitla"},"content":{"rendered":"\n<blockquote class=\"wp-block-quote is-layout-flow wp-block-quote-is-layout-flow\">\n<p>Los presidentes municipales firmaron acuerdos sobre sus l\u00edmites territoriales.<\/p>\n<\/blockquote>\n\n\n\n<p>El Gobierno del Estado de M\u00e9xico celebra que los distintos actores involucrados hayan asistido a esta reuni\u00f3n<br><\/p>\n\n\n\n<p>El Gobierno del Estado de M\u00e9xico a trav\u00e9s de la Secretar\u00eda General de Gobierno, instaur\u00f3 una mesa de di\u00e1logo donde los municipios de Tec\u00e1mac y Tonanitla firmaron acuerdos respecto a sus l\u00edmites territoriales.<br><\/p>\n\n\n\n<p>Los acuerdos signados que se acatar\u00e1n en tanto la Legislatura local emita el Decreto por el que se determinen los l\u00edmites territoriales, tienen por objeto preservar la paz social entre ambos municipios en beneficio de la ciudadan\u00eda.<\/p>\n\n\n\n<p>Entre los acuerdos, mismos que deber\u00e1n ser remitidos a los Cabildos de Tec\u00e1mac y Tonanitla para ratificar su contenido, destacan:<\/p>\n\n\n\n<figure class=\"wp-block-image size-large\"><img fetchpriority=\"high\" decoding=\"async\" width=\"775\" height=\"1024\" src=\"https:\/\/elinformante.mx\/wp-content\/uploads\/2023\/10\/zanjan-problemas-2-775x1024.jpg\" alt=\"\" class=\"wp-image-38229\" srcset=\"https:\/\/elinformante.mx\/wp-content\/uploads\/2023\/10\/zanjan-problemas-2-775x1024.jpg 775w, https:\/\/elinformante.mx\/wp-content\/uploads\/2023\/10\/zanjan-problemas-2-227x300.jpg 227w, https:\/\/elinformante.mx\/wp-content\/uploads\/2023\/10\/zanjan-problemas-2-768x1015.jpg 768w, https:\/\/elinformante.mx\/wp-content\/uploads\/2023\/10\/zanjan-problemas-2-580x767.jpg 580w, https:\/\/elinformante.mx\/wp-content\/uploads\/2023\/10\/zanjan-problemas-2-860x1137.jpg 860w, https:\/\/elinformante.mx\/wp-content\/uploads\/2023\/10\/zanjan-problemas-2.jpg 1140w\" sizes=\"(max-width: 775px) 100vw, 775px\" \/><\/figure>\n\n\n\n<ul class=\"wp-block-list\">\n<li>La conclusi\u00f3n de la obra en curso en la vialidad estatal 794 Ojo de Agua \u2013 Tonanitla, la cual deber\u00e1 quedar concluida a m\u00e1s tardar el pr\u00f3ximo viernes 13 de octubre del presente.<\/li>\n\n\n\n<li>Los servicios p\u00fablicos a los habitantes de la zona se seguir\u00e1n otorgando sin ninguna afectaci\u00f3n.<\/li>\n\n\n\n<li>El Ayuntamiento de Tonanitla acepta el retiro de la patrulla que se encuentra en el puente de acceso al Aeropuerto Internacional Felipe \u00c1ngeles (AIFA).<\/li>\n<\/ul>\n\n\n\n<p>En caso de requerirse cualquier otra obra de infraestructura, se plantear\u00e1 a la Secretar\u00eda General de Gobierno del Estado de M\u00e9xico para convocar a las autoridades correspondientes a una nueva mesa de trabajo.<br><\/p>\n\n\n\n<p>En la Mesa de Di\u00e1logo que se llev\u00f3 a cabo entre autoridades federales, estatales y municipales, estuvieron presentes Alejandro Viedma Vel\u00e1zquez, encargado de despacho de la Subsecretar\u00eda General de Gobierno; Mariela Guti\u00e9rrez Escalante, presidenta municipal de Tec\u00e1mac; Mauro Mart\u00ednez Mart\u00ednez, presidente municipal de Tonanitla; Elba Aldana Duarte, diputada presidenta de la Comisi\u00f3n de L\u00edmites Territoriales de la LXI Legislatura local, as\u00ed como autoridades federales.<br><\/p>\n\n\n\n<p>El Gobierno del Estado de M\u00e9xico celebra que los distintos actores involucrados hayan asistido a esta reuni\u00f3n, lo cual demuestra que la nueva administraci\u00f3n inicia con responsabilidad y \u00e1nimo por construir consensos mediante el di\u00e1logo y la suma de voluntades que generen paz y justicia social.<\/p>\n","protected":false},"excerpt":{"rendered":"<p>Los presidentes municipales firmaron acuerdos sobre sus l\u00edmites territoriales. El Gobierno del Estado de M\u00e9xico celebra que los distintos actores involucrados hayan asistido a esta reuni\u00f3n El Gobierno del Estado de M\u00e9xico a trav\u00e9s de la Secretar\u00eda General de Gobierno, instaur\u00f3 una mesa de di\u00e1logo donde los municipios de Tec\u00e1mac y Tonanitla firmaron acuerdos respecto [&hellip;]<\/p>\n","protected":false},"author":1,"featured_media":38228,"comment_status":"closed","ping_status":"closed","sticky":false,"template":"","format":"standard","meta":{"footnotes":""},"categories":[36],"tags":[],"class_list":["post-38227","post","type-post","status-publish","format-standard","has-post-thumbnail","hentry","category-edomex"],"_links":{"self":[{"href":"https:\/\/elinformante.mx\/index.php?rest_route=\/wp\/v2\/posts\/38227","targetHints":{"allow":["GET"]}}],"collection":[{"href":"https:\/\/elinformante.mx\/index.php?rest_route=\/wp\/v2\/posts"}],"about":[{"href":"https:\/\/elinformante.mx\/index.php?rest_route=\/wp\/v2\/types\/post"}],"author":[{"embeddable":true,"href":"https:\/\/elinformante.mx\/index.php?rest_route=\/wp\/v2\/users\/1"}],"replies":[{"embeddable":true,"href":"https:\/\/elinformante.mx\/index.php?rest_route=%2Fwp%2Fv2%2Fcomments&post=38227"}],"version-history":[{"count":0,"href":"https:\/\/elinformante.mx\/index.php?rest_route=\/wp\/v2\/posts\/38227\/revisions"}],"wp:featuredmedia":[{"embeddable":true,"href":"https:\/\/elinformante.mx\/index.php?rest_route=\/wp\/v2\/media\/38228"}],"wp:attachment":[{"href":"https:\/\/elinformante.mx\/index.php?rest_route=%2Fwp%2Fv2%2Fmedia&parent=38227"}],"wp:term":[{"taxonomy":"category","embeddable":true,"href":"https:\/\/elinformante.mx\/index.php?rest_route=%2Fwp%2Fv2%2Fcategories&post=38227"},{"taxonomy":"post_tag","embeddable":true,"href":"https:\/\/elinformante.mx\/index.php?rest_route=%2Fwp%2Fv2%2Ftags&post=38227"}],"curies":[{"name":"wp","href":"https:\/\/api.w.org\/{rel}","templated":true}]}}