{"id":38239,"date":"2023-10-10T14:44:50","date_gmt":"2023-10-10T14:44:50","guid":{"rendered":"https:\/\/elinformante.mx\/?p=38239"},"modified":"2023-10-10T14:44:51","modified_gmt":"2023-10-10T14:44:51","slug":"familiares-de-mujeres-asesinadas-y-feministas-exigen-la-destitucion-de-ernestina-godoy","status":"publish","type":"post","link":"https:\/\/elinformante.mx\/?p=38239","title":{"rendered":"Familiares de mujeres asesinadas y feministas exigen la destituci\u00f3n de Ernestina Godoy"},"content":{"rendered":"\n<blockquote class=\"wp-block-quote is-layout-flow wp-block-quote-is-layout-flow\">\n<p>Afirman que ha dejado impunes y en la negligencia varias investigaciones y procesos de delitos de feminicidio y agresiones de violencia de g\u00e9nero.<\/p>\n<\/blockquote>\n\n\n\n<p>Mujeres de colectivos feministas se manifestaron al exterior de la Fiscal\u00eda General de Justicia de la Ciudad de M\u00e9xico (FGJCDMX), donde junto a familiares de f\u00e9minas asesinadas, exigieron la destituci\u00f3n de Ernestina Godoy Ramos, titular de este organismo aut\u00f3nomo.<br><\/p>\n\n\n\n<p>Y es que los inconformes con la gesti\u00f3n de Godoy Ramos, afirman que ella ha dejado impunes y en la negligencia varias investigaciones y procesos de delitos de feminicidio y agresiones de violencia de g\u00e9nero, por lo que alegaron que sea denegado el proceso de ratificaci\u00f3n de la servidora p\u00fablica, para que inmediatamente sea separada de su cargo.<br><\/p>\n\n\n\n<p>Enfatizaron que Godoy Ramos se somete a las denunciantes a procesos complicados y poco claros en los que los autores de los delitos no reciben castigos ejemplares o son perseguidos, provocando que ellas sean revictimizadas y que no cuenten con alguna protecci\u00f3n que las aleje de sus agresores.<br><\/p>\n\n\n\n<p>\u201cVenimos aqu\u00ed para que la fiscal nos brinde un poco de su tiempo, aqu\u00ed hay v\u00edctimas que durante toda su gesti\u00f3n no han sido escuchadas. Estoy representando a Ana Elena, una mujer atacada con \u00e1cido que tuvo que huir del pa\u00eds porque por falta de justicia, su agresor sigue libre. Los dos autores materiales que atrapamos fue porque nosotras armamos las carpetas; Ernestina le prometi\u00f3, vi\u00e9ndola a la cara que le iba a dar justicia desde hace cuatro a\u00f1os y hace algunos d\u00edas la fiscal dijo que no se acordaba de ella\u201d, reproch\u00f3 una de las protestantes citada por La Cr\u00f3nica.<br><\/p>\n\n\n\n<figure class=\"wp-block-image size-large\"><img fetchpriority=\"high\" decoding=\"async\" width=\"1024\" height=\"503\" src=\"https:\/\/elinformante.mx\/wp-content\/uploads\/2023\/10\/familiares-2-1024x503.jpg\" alt=\"\" class=\"wp-image-38241\" srcset=\"https:\/\/elinformante.mx\/wp-content\/uploads\/2023\/10\/familiares-2-1024x503.jpg 1024w, https:\/\/elinformante.mx\/wp-content\/uploads\/2023\/10\/familiares-2-300x147.jpg 300w, https:\/\/elinformante.mx\/wp-content\/uploads\/2023\/10\/familiares-2-768x377.jpg 768w, https:\/\/elinformante.mx\/wp-content\/uploads\/2023\/10\/familiares-2-580x285.jpg 580w, https:\/\/elinformante.mx\/wp-content\/uploads\/2023\/10\/familiares-2-860x422.jpg 860w, https:\/\/elinformante.mx\/wp-content\/uploads\/2023\/10\/familiares-2.jpg 1140w\" sizes=\"(max-width: 1024px) 100vw, 1024px\" \/><\/figure>\n\n\n\n<p>Quienes se dieron cita en este sitio manifestaron que pese a que sus reclamos se desarrollaron de manera pac\u00edfica, algunos elementos de la Secretar\u00eda de Seguridad Ciudadana (SSC) las golpearon y reprimieron cuando se ubicaron en la puerta de la FGJCDMX.<br><\/p>\n\n\n\n<p>Durante este tiempo, las feministas manten\u00edan empujones y altercados con los judiciales, al tiempo que gritaban \u201c\u00a1Fuera Godoy, no a la ratificaci\u00f3n!\u201d.<br><\/p>\n\n\n\n<p>Fue poco antes de las 9 de la ma\u00f1ana, que decenas de manifestantes se congregaron con carteles en mano sobre la calle Digna Ochoa y Pl\u00e1cido entre Doctor Lavista y Doctor R\u00edo de la Loza, en la colonia Doctores, alcald\u00eda Cuauht\u00e9moc.<br><\/p>\n\n\n\n<p>Godoy ramos formaliz\u00f3 el pasado 21 de septiembre su decisi\u00f3n de ser ratificada en el cargo que actualmente ostenta, por lo que comunic\u00f3 al Consejo Judicial Ciudadano su determinaci\u00f3n para mantenerse al frente para el periodo 2024-2028.<\/p>\n","protected":false},"excerpt":{"rendered":"<p>Afirman que ha dejado impunes y en la negligencia varias investigaciones y procesos de delitos de feminicidio y agresiones de violencia de g\u00e9nero. Mujeres de colectivos feministas se manifestaron al exterior de la Fiscal\u00eda General de Justicia de la Ciudad de M\u00e9xico (FGJCDMX), donde junto a familiares de f\u00e9minas asesinadas, exigieron la destituci\u00f3n de Ernestina [&hellip;]<\/p>\n","protected":false},"author":1,"featured_media":38240,"comment_status":"closed","ping_status":"closed","sticky":false,"template":"","format":"standard","meta":{"footnotes":""},"categories":[35],"tags":[],"class_list":["post-38239","post","type-post","status-publish","format-standard","has-post-thumbnail","hentry","category-cdmx"],"_links":{"self":[{"href":"https:\/\/elinformante.mx\/index.php?rest_route=\/wp\/v2\/posts\/38239","targetHints":{"allow":["GET"]}}],"collection":[{"href":"https:\/\/elinformante.mx\/index.php?rest_route=\/wp\/v2\/posts"}],"about":[{"href":"https:\/\/elinformante.mx\/index.php?rest_route=\/wp\/v2\/types\/post"}],"author":[{"embeddable":true,"href":"https:\/\/elinformante.mx\/index.php?rest_route=\/wp\/v2\/users\/1"}],"replies":[{"embeddable":true,"href":"https:\/\/elinformante.mx\/index.php?rest_route=%2Fwp%2Fv2%2Fcomments&post=38239"}],"version-history":[{"count":0,"href":"https:\/\/elinformante.mx\/index.php?rest_route=\/wp\/v2\/posts\/38239\/revisions"}],"wp:featuredmedia":[{"embeddable":true,"href":"https:\/\/elinformante.mx\/index.php?rest_route=\/wp\/v2\/media\/38240"}],"wp:attachment":[{"href":"https:\/\/elinformante.mx\/index.php?rest_route=%2Fwp%2Fv2%2Fmedia&parent=38239"}],"wp:term":[{"taxonomy":"category","embeddable":true,"href":"https:\/\/elinformante.mx\/index.php?rest_route=%2Fwp%2Fv2%2Fcategories&post=38239"},{"taxonomy":"post_tag","embeddable":true,"href":"https:\/\/elinformante.mx\/index.php?rest_route=%2Fwp%2Fv2%2Ftags&post=38239"}],"curies":[{"name":"wp","href":"https:\/\/api.w.org\/{rel}","templated":true}]}}