{"id":38246,"date":"2023-10-10T14:47:02","date_gmt":"2023-10-10T14:47:02","guid":{"rendered":"https:\/\/elinformante.mx\/?p=38246"},"modified":"2023-10-10T14:47:03","modified_gmt":"2023-10-10T14:47:03","slug":"la-secretaria-de-marina-formaliza-control-del-aicm","status":"publish","type":"post","link":"https:\/\/elinformante.mx\/?p=38246","title":{"rendered":"La Secretar\u00eda de Marina formaliza control del AICM"},"content":{"rendered":"\n<blockquote class=\"wp-block-quote is-layout-flow wp-block-quote-is-layout-flow\">\n<p>Elementos de la Semar llevaron a cabo una ceremonia de izamiento de bandera en la glorieta de la Terminal 2 del AICM.<\/p>\n<\/blockquote>\n\n\n\n<p>Con un ceremonia de izamiento de bandera, la Secretar\u00eda de Marina (Semar) formaliz\u00f3 este lunes su control del Aeropuerto Internacional de la Ciudad de M\u00e9xico (AICM).<br><\/p>\n\n\n\n<p>Elementos de la Semar llevaron a cabo dicha ceremonia de izamiento de bandera en la glorieta de la Terminal 2 del aeropuerto capitalino.<br><\/p>\n\n\n\n<p>A partir del s\u00e1bado 7 de octubre, la Secretar\u00eda de Marina tom\u00f3 el control formal de las instalaciones del AICM, considerado el m\u00e1s importante de M\u00e9xico, con cambios en su imagen, como la primera acci\u00f3n bajo su mando.<br><\/p>\n\n\n\n<p>El cambio en su control se dio como cumplimiento al acuerdo presidencial de 8 de agosto que estableci\u00f3 que se agrupaba el Grupo Aeroportuario de la Ciudad de M\u00e9xico, Servicios Aeroportuarios de la Ciudad de M\u00e9xico y el AICM al sector coordinado por la Semar.<br><\/p>\n\n\n\n<figure class=\"wp-block-image size-large\"><img fetchpriority=\"high\" decoding=\"async\" width=\"1024\" height=\"503\" src=\"https:\/\/elinformante.mx\/wp-content\/uploads\/2023\/10\/la-secretaria-23-1024x503.jpg\" alt=\"\" class=\"wp-image-38248\" srcset=\"https:\/\/elinformante.mx\/wp-content\/uploads\/2023\/10\/la-secretaria-23-1024x503.jpg 1024w, https:\/\/elinformante.mx\/wp-content\/uploads\/2023\/10\/la-secretaria-23-300x147.jpg 300w, https:\/\/elinformante.mx\/wp-content\/uploads\/2023\/10\/la-secretaria-23-768x377.jpg 768w, https:\/\/elinformante.mx\/wp-content\/uploads\/2023\/10\/la-secretaria-23-580x285.jpg 580w, https:\/\/elinformante.mx\/wp-content\/uploads\/2023\/10\/la-secretaria-23-860x422.jpg 860w, https:\/\/elinformante.mx\/wp-content\/uploads\/2023\/10\/la-secretaria-23.jpg 1140w\" sizes=\"(max-width: 1024px) 100vw, 1024px\" \/><\/figure>\n\n\n\n<p>\u201cDesde el 7 de octubre de 2023, el Aeropuerto Internacional Benito Ju\u00e1rez Ciudad de M\u00e9xico qued\u00f3 incorporado al sector coordinado por la Secretar\u00eda de Marina (Semar). Ello, al entrar en vigor el acuerdo presidencial publicado el 8 de agosto de 2023, en el Diario Oficial de la Federaci\u00f3n (DOF)\u201d, confirm\u00f3 en un comunicado la autoridad aeroportuaria.<br><\/p>\n\n\n\n<p>En el acuerdo presidencial, firmado por el presidente de M\u00e9xico, indic\u00f3 que el cambio se da como parte de la nueva estrategia de seguridad, por el que se ha dado el control a la Marina en puertos, aduanas, una aerol\u00ednea y construcciones consideradas como prioritarias, como el reciente Aeropuerto Internacional Felipe \u00c1ngeles, obra emblema de Andr\u00e9s Manuel L\u00f3pez Obrador para la principal \u00e1rea metropolitana del centro del pa\u00eds.<br><\/p>\n\n\n\n<p>Con este acuerdo, desde el primer momento de este s\u00e1bado, la Marina tom\u00f3 el control del AICM, con cambios en su imagen y p\u00e1gina oficial.<br><\/p>\n\n\n\n<p>En el nuevo logotipo se agregaron elementos representativos de la Marina como un ancla, la cual representa confianza; un cabo (cuerda), que significa confianza; y un tim\u00f3n, que representa rumbo.<\/p>\n","protected":false},"excerpt":{"rendered":"<p>Elementos de la Semar llevaron a cabo una ceremonia de izamiento de bandera en la glorieta de la Terminal 2 del AICM. Con un ceremonia de izamiento de bandera, la Secretar\u00eda de Marina (Semar) formaliz\u00f3 este lunes su control del Aeropuerto Internacional de la Ciudad de M\u00e9xico (AICM). Elementos de la Semar llevaron a cabo [&hellip;]<\/p>\n","protected":false},"author":1,"featured_media":38247,"comment_status":"closed","ping_status":"closed","sticky":false,"template":"","format":"standard","meta":{"footnotes":""},"categories":[34],"tags":[],"class_list":["post-38246","post","type-post","status-publish","format-standard","has-post-thumbnail","hentry","category-nacional"],"_links":{"self":[{"href":"https:\/\/elinformante.mx\/index.php?rest_route=\/wp\/v2\/posts\/38246","targetHints":{"allow":["GET"]}}],"collection":[{"href":"https:\/\/elinformante.mx\/index.php?rest_route=\/wp\/v2\/posts"}],"about":[{"href":"https:\/\/elinformante.mx\/index.php?rest_route=\/wp\/v2\/types\/post"}],"author":[{"embeddable":true,"href":"https:\/\/elinformante.mx\/index.php?rest_route=\/wp\/v2\/users\/1"}],"replies":[{"embeddable":true,"href":"https:\/\/elinformante.mx\/index.php?rest_route=%2Fwp%2Fv2%2Fcomments&post=38246"}],"version-history":[{"count":0,"href":"https:\/\/elinformante.mx\/index.php?rest_route=\/wp\/v2\/posts\/38246\/revisions"}],"wp:featuredmedia":[{"embeddable":true,"href":"https:\/\/elinformante.mx\/index.php?rest_route=\/wp\/v2\/media\/38247"}],"wp:attachment":[{"href":"https:\/\/elinformante.mx\/index.php?rest_route=%2Fwp%2Fv2%2Fmedia&parent=38246"}],"wp:term":[{"taxonomy":"category","embeddable":true,"href":"https:\/\/elinformante.mx\/index.php?rest_route=%2Fwp%2Fv2%2Fcategories&post=38246"},{"taxonomy":"post_tag","embeddable":true,"href":"https:\/\/elinformante.mx\/index.php?rest_route=%2Fwp%2Fv2%2Ftags&post=38246"}],"curies":[{"name":"wp","href":"https:\/\/api.w.org\/{rel}","templated":true}]}}