{"id":38278,"date":"2023-10-11T12:53:03","date_gmt":"2023-10-11T12:53:03","guid":{"rendered":"https:\/\/elinformante.mx\/?p=38278"},"modified":"2023-10-11T12:53:04","modified_gmt":"2023-10-11T12:53:04","slug":"la-secretaria-de-movilidad-estaba-infectada-de-corrupcion-sibaja","status":"publish","type":"post","link":"https:\/\/elinformante.mx\/?p=38278","title":{"rendered":"La Secretar\u00eda de Movilidad estaba infectada de corrupci\u00f3n: Sibaja"},"content":{"rendered":"\n<blockquote class=\"wp-block-quote is-layout-flow wp-block-quote-is-layout-flow\">\n<p>Se pretende trabajar con los transportistas y con la ciudadan\u00eda para abatir el problema que, dijo el funcionario, \u201ces m\u00e1s grande de lo que esper\u00e1bamos\u201d.<\/p>\n<\/blockquote>\n\n\n\n<p>La nueva administraci\u00f3n de la Secretar\u00eda de Movilidad estatal (Semov) detect\u00f3 dentro de la dependencia casos de corrupci\u00f3n en temas como los corralones, concesiones y obras de gran magnitud.<br><\/p>\n\n\n\n<p>As\u00ed lo dio a conocer el titular de la Secretar\u00eda de Movilidad, Daniel Sibaja Gonz\u00e1lez, y a\u00f1adi\u00f3 que no habr\u00e1 cheque en blanco, exigir\u00e1n que haya rendici\u00f3n de cuentas y har\u00e1n las observaciones correspondientes en tiempo y forma.<br><\/p>\n\n\n\n<p>\u201cHemos detectado much\u00edsima corrupci\u00f3n, m\u00e1s de la que esper\u00e1bamos, puedo decir que estaba infectada de corrupci\u00f3n y hay que sanarla, y c\u00f3mo se va a sanar, mal har\u00edamos creyendo que solo con unos cuantos, necesitamos de todos.<br><\/p>\n\n\n\n<p>En este sentido especific\u00f3 que para erradicar el problema deber\u00e1n trabajar\u00e1n de la mano de los transportistas, de la iniciativa privada y de los municipios, adem\u00e1s de que preparan una nueva Ley de Movilidad.<br><\/p>\n\n\n\n<p>Adelant\u00f3 que el pr\u00f3ximo martes entregar\u00e1n el primer borrador de la Ley y espera que est\u00e9 aprobado la \u00faltima semana de enero de 2023, mientras tanto, asegur\u00f3 que no se contemplan aumentos en el transporte urbano.<br><\/p>\n\n\n\n<p>Por otro lado, comparti\u00f3 que la gobernadora del Estado de M\u00e9xico, Delfina G\u00f3mez \u00c1lvarez, anunci\u00f3 en su campa\u00f1a que va a hacer un proyecto de transformaci\u00f3n de movilidad llamado \u201cMetromex\u201d, el cual ya lo tiene el presidente de la rep\u00fablica, Andr\u00e9s Manuel L\u00f3pez Obrador.<br><\/p>\n\n\n\n<p>\u201cEste proyecto de movilidad es el m\u00e1s grande de todo el pa\u00eds, con m\u00e1s de 220 kil\u00f3metros de trenes ligeros y monorrieles\u201d.<br><\/p>\n\n\n\n<p>Respecto al Mexicable, consider\u00f3 que tiene poca afluencia, principalmente la l\u00ednea 1, por ello habr\u00e1 que mejorar la comunicaci\u00f3n con la ciudadan\u00eda porque es un gran sistema de transporte masivo seguro.<br><\/p>\n\n\n\n<p>\u201cDe Ecatepec a San Andr\u00e9s de la Ca\u00f1ada, hacia 2 horas, hoy hace 40 minutos y lo hace por un precio muy accesible (\u2026) vamos a anunciar la tercera l\u00ednea de Mexicable\u201d.<br><\/p>\n\n\n\n<p>Por \u00faltimo, el funcionario comparti\u00f3 que se implementar\u00e1 una l\u00ednea ciudadana para atender casos de extorsi\u00f3n, a la cual se podr\u00e1 usar por redes sociales como Facebook y v\u00eda telef\u00f3nica a trav\u00e9s WhatsApp.<\/p>\n","protected":false},"excerpt":{"rendered":"<p>Se pretende trabajar con los transportistas y con la ciudadan\u00eda para abatir el problema que, dijo el funcionario, \u201ces m\u00e1s grande de lo que esper\u00e1bamos\u201d. La nueva administraci\u00f3n de la Secretar\u00eda de Movilidad estatal (Semov) detect\u00f3 dentro de la dependencia casos de corrupci\u00f3n en temas como los corralones, concesiones y obras de gran magnitud. As\u00ed [&hellip;]<\/p>\n","protected":false},"author":1,"featured_media":38279,"comment_status":"closed","ping_status":"closed","sticky":false,"template":"","format":"standard","meta":{"footnotes":""},"categories":[30,36],"tags":[],"class_list":["post-38278","post","type-post","status-publish","format-standard","has-post-thumbnail","hentry","category-destacado","category-edomex"],"_links":{"self":[{"href":"https:\/\/elinformante.mx\/index.php?rest_route=\/wp\/v2\/posts\/38278","targetHints":{"allow":["GET"]}}],"collection":[{"href":"https:\/\/elinformante.mx\/index.php?rest_route=\/wp\/v2\/posts"}],"about":[{"href":"https:\/\/elinformante.mx\/index.php?rest_route=\/wp\/v2\/types\/post"}],"author":[{"embeddable":true,"href":"https:\/\/elinformante.mx\/index.php?rest_route=\/wp\/v2\/users\/1"}],"replies":[{"embeddable":true,"href":"https:\/\/elinformante.mx\/index.php?rest_route=%2Fwp%2Fv2%2Fcomments&post=38278"}],"version-history":[{"count":0,"href":"https:\/\/elinformante.mx\/index.php?rest_route=\/wp\/v2\/posts\/38278\/revisions"}],"wp:featuredmedia":[{"embeddable":true,"href":"https:\/\/elinformante.mx\/index.php?rest_route=\/wp\/v2\/media\/38279"}],"wp:attachment":[{"href":"https:\/\/elinformante.mx\/index.php?rest_route=%2Fwp%2Fv2%2Fmedia&parent=38278"}],"wp:term":[{"taxonomy":"category","embeddable":true,"href":"https:\/\/elinformante.mx\/index.php?rest_route=%2Fwp%2Fv2%2Fcategories&post=38278"},{"taxonomy":"post_tag","embeddable":true,"href":"https:\/\/elinformante.mx\/index.php?rest_route=%2Fwp%2Fv2%2Ftags&post=38278"}],"curies":[{"name":"wp","href":"https:\/\/api.w.org\/{rel}","templated":true}]}}