{"id":38284,"date":"2023-10-11T13:00:03","date_gmt":"2023-10-11T13:00:03","guid":{"rendered":"https:\/\/elinformante.mx\/?p=38284"},"modified":"2023-10-11T13:00:03","modified_gmt":"2023-10-11T13:00:03","slug":"asiste-presidenta-de-san-mateo-atenco-a-la-presentacion-del-libro-los-rostros-de-la-paridad","status":"publish","type":"post","link":"https:\/\/elinformante.mx\/?p=38284","title":{"rendered":"Asiste presidenta de San Mateo Atenco a la presentaci\u00f3n del libro \u201cLos rostros de la Paridad\u201d"},"content":{"rendered":"\n<blockquote class=\"wp-block-quote is-layout-flow wp-block-quote-is-layout-flow\">\n<p>En el lugar se dieron cita presidentas y expresidentas municipales para conmemorar los 80 a\u00f1os de reconocimiento del voto de la mujer en M\u00e9xico.<\/p>\n<\/blockquote>\n\n\n\n<p>El Observatorio de Participaci\u00f3n Pol\u00edtica de las Mujeres en el Estado de M\u00e9xico llev\u00f3 acabo la presentaci\u00f3n del libro \u201cLos Rostros de la Paridad\u201d en el que se visibilizan a las mujeres que han ocupado el cargo de Presidentas Municipales en el Estado de M\u00e9xico desde 1874 al 2022.<br><\/p>\n\n\n\n<p>En el lugar se dieron cita varias Presidentas actuales y Ex Presidentas a este importante acto. Con esta acci\u00f3n el Observatorio se consolida como un espacio de colaboraci\u00f3n efectivo y reconocido por contribuir al logro de la igualdad sustantiva entre mujeres y hombres en el \u00e1mbito pol\u00edtico estatal y municipal.<br><\/p>\n\n\n\n<p>La presidenta municipal de San Mateo Atenco, Ana Mu\u00f1iz Neyra tambi\u00e9n se dio cita para llevar a cabo la conmemoraci\u00f3n de los 70 a\u00f1os del reconocimiento del voto de las mujeres en M\u00e9xico.<br><\/p>\n\n\n\n<p>Se se\u00f1alo durante la presentaci\u00f3n que la llegada de nuestra Gobernadora Delfina G\u00f3mez \u00c1lvarez es la punta del iceberg de la paridad, porque se busca construir puentes para que las ni\u00f1as, adolescentes y mujeres mexiquenses gocen de sus derechos pol\u00edticos.<br><\/p>\n\n\n\n<p>Mu\u00f1iz Neyra reconoci\u00f3 que con este libro, se le ha compilado a todas aquellas mujeres mexiquenses que han gobernado cada uno de los municipios del Estado de M\u00e9xico desde 1874.<br><\/p>\n\n\n\n<p>La alcaldesa estuvo en compa\u00f1\u00eda de otras grandes mujeres de la pol\u00edtica mexiquense como magistrada presidenta del TEEM, Amalia Pulido consejera presidenta del IEEM, M\u00f3nica Ch\u00e1vez, Secretaria de las Mujeres, entre otras presidentas.<\/p>\n","protected":false},"excerpt":{"rendered":"<p>En el lugar se dieron cita presidentas y expresidentas municipales para conmemorar los 80 a\u00f1os de reconocimiento del voto de la mujer en M\u00e9xico. El Observatorio de Participaci\u00f3n Pol\u00edtica de las Mujeres en el Estado de M\u00e9xico llev\u00f3 acabo la presentaci\u00f3n del libro \u201cLos Rostros de la Paridad\u201d en el que se visibilizan a las [&hellip;]<\/p>\n","protected":false},"author":1,"featured_media":38285,"comment_status":"closed","ping_status":"closed","sticky":false,"template":"","format":"standard","meta":{"footnotes":""},"categories":[36],"tags":[],"class_list":["post-38284","post","type-post","status-publish","format-standard","has-post-thumbnail","hentry","category-edomex"],"_links":{"self":[{"href":"https:\/\/elinformante.mx\/index.php?rest_route=\/wp\/v2\/posts\/38284","targetHints":{"allow":["GET"]}}],"collection":[{"href":"https:\/\/elinformante.mx\/index.php?rest_route=\/wp\/v2\/posts"}],"about":[{"href":"https:\/\/elinformante.mx\/index.php?rest_route=\/wp\/v2\/types\/post"}],"author":[{"embeddable":true,"href":"https:\/\/elinformante.mx\/index.php?rest_route=\/wp\/v2\/users\/1"}],"replies":[{"embeddable":true,"href":"https:\/\/elinformante.mx\/index.php?rest_route=%2Fwp%2Fv2%2Fcomments&post=38284"}],"version-history":[{"count":0,"href":"https:\/\/elinformante.mx\/index.php?rest_route=\/wp\/v2\/posts\/38284\/revisions"}],"wp:featuredmedia":[{"embeddable":true,"href":"https:\/\/elinformante.mx\/index.php?rest_route=\/wp\/v2\/media\/38285"}],"wp:attachment":[{"href":"https:\/\/elinformante.mx\/index.php?rest_route=%2Fwp%2Fv2%2Fmedia&parent=38284"}],"wp:term":[{"taxonomy":"category","embeddable":true,"href":"https:\/\/elinformante.mx\/index.php?rest_route=%2Fwp%2Fv2%2Fcategories&post=38284"},{"taxonomy":"post_tag","embeddable":true,"href":"https:\/\/elinformante.mx\/index.php?rest_route=%2Fwp%2Fv2%2Ftags&post=38284"}],"curies":[{"name":"wp","href":"https:\/\/api.w.org\/{rel}","templated":true}]}}